{"id":15161,"date":"2025-05-21T07:04:01","date_gmt":"2025-05-21T05:04:01","guid":{"rendered":"https:\/\/www.krajskakniznicazilina.sk\/?p=15161"},"modified":"2025-05-16T09:10:20","modified_gmt":"2025-05-16T07:10:20","slug":"klub-u-knihulky-vsetko-najlepsie-k-narodeninam","status":"publish","type":"post","link":"https:\/\/www.krajskakniznicazilina.sk\/index.php\/2025\/05\/21\/klub-u-knihulky-vsetko-najlepsie-k-narodeninam\/","title":{"rendered":"Klub u Knihu\u013eky &#8211; V\u0161etko najlep\u0161ie k narodenin\u00e1m!"},"content":{"rendered":"<p style=\"text-align: justify;\"><a href=\"https:\/\/www.krajskakniznicazilina.sk\/clanky\/2025\/06\/klub%20u%20knihulky%206.jpg\"><img decoding=\"async\" class=\"alignright size-medium\" src=\"https:\/\/www.krajskakniznicazilina.sk\/clanky\/2025\/06\/klub%20u%20knihulky%206.jpg\" alt=\"plag\u00e1t\" width=\"40%\" height=\"40%\" \/><\/a>Narodeniny s\u00fa v\u00fdznamn\u00fdm d\u0148om pre ka\u017ed\u00e9ho z n\u00e1s. Ka\u017ed\u00fd sa te\u0161\u00ed na oslavu, dar\u010deky, tortu a pozvan\u00fdch host\u00ed. Ako si v\u0161ak u\u017ei\u0165 oslavu naplno? \u010co vlastne od narodeninov\u00e9ho d\u0148a o\u010dak\u00e1va\u0165? V Klube u Knihu\u013eky si tak\u00fdto narodeninov\u00fd de\u0148 vysk\u00fa\u0161ame spravi\u0165 a poriadne sa zabav\u00edme s bal\u00f3nmi, tancom a pesni\u010dkami.\u00a0Te\u0161\u00edme sa na v\u00e1s v\u00a0utorok <strong>3. j\u00fana o 10:30<\/strong> v\u00a0Krajskej kni\u017enici v \u017diline.<\/p>\n<p style=\"text-align: justify;\">Podujatie je ur\u010den\u00e9 pre deti od 2 do 4 rokov v sprievode dospelej osoby. Podmienkou je platn\u00fd \u010ditate\u013esk\u00fd preukaz.\u00a0Na podujatie je potrebn\u00e9 sa vopred prihl\u00e1si\u0165: <strong><a href=\"https:\/\/forms.gle\/6XnaSUfJPpq19V6KA\">https:\/\/forms.gle\/6XnaSUfJPpq19V6KA<\/a><\/strong><\/p>\n","protected":false},"excerpt":{"rendered":"<p>Narodeniny s\u00fa v\u00fdznamn\u00fdm d\u0148om pre ka\u017ed\u00e9ho z n\u00e1s. Ka\u017ed\u00fd sa te\u0161\u00ed na oslavu, dar\u010deky, tortu a pozvan\u00fdch host\u00ed. Ako si v\u0161ak u\u017ei\u0165 oslavu naplno? \u010co vlastne od narodeninov\u00e9ho d\u0148a o\u010dak\u00e1va\u0165? V Klube u Knihu\u013eky si tak\u00fdto narodeninov\u00fd de\u0148 vysk\u00fa\u0161ame spravi\u0165 a poriadne sa zabav\u00edme s bal\u00f3nmi, tancom a pesni\u010dkami.\u00a0Te\u0161\u00edme sa na v\u00e1s v\u00a0utorok 3. j\u00fana &#8230; <a title=\"Klub u Knihu\u013eky &#8211; V\u0161etko najlep\u0161ie k narodenin\u00e1m!\" class=\"read-more\" href=\"https:\/\/www.krajskakniznicazilina.sk\/index.php\/2025\/05\/21\/klub-u-knihulky-vsetko-najlepsie-k-narodeninam\/\" aria-label=\"Pre\u010d\u00edtajte si viac o Klub u Knihu\u013eky &#8211; V\u0161etko najlep\u0161ie k narodenin\u00e1m!\">\u010c\u00edta\u0165 viac<\/a><\/p>\n","protected":false},"author":1,"featured_media":0,"comment_status":"open","ping_status":"open","sticky":false,"template":"","format":"image","meta":{"footnotes":""},"categories":[23,35,12,73],"tags":[],"class_list":["post-15161","post","type-post","status-publish","format-image","hentry","category-klub","category-knihulka","category-podujatie","category-pre-deti","post_format-post-format-image"],"_links":{"self":[{"href":"https:\/\/www.krajskakniznicazilina.sk\/index.php\/wp-json\/wp\/v2\/posts\/15161","targetHints":{"allow":["GET"]}}],"collection":[{"href":"https:\/\/www.krajskakniznicazilina.sk\/index.php\/wp-json\/wp\/v2\/posts"}],"about":[{"href":"https:\/\/www.krajskakniznicazilina.sk\/index.php\/wp-json\/wp\/v2\/types\/post"}],"author":[{"embeddable":true,"href":"https:\/\/www.krajskakniznicazilina.sk\/index.php\/wp-json\/wp\/v2\/users\/1"}],"replies":[{"embeddable":true,"href":"https:\/\/www.krajskakniznicazilina.sk\/index.php\/wp-json\/wp\/v2\/comments?post=15161"}],"version-history":[{"count":1,"href":"https:\/\/www.krajskakniznicazilina.sk\/index.php\/wp-json\/wp\/v2\/posts\/15161\/revisions"}],"predecessor-version":[{"id":15162,"href":"https:\/\/www.krajskakniznicazilina.sk\/index.php\/wp-json\/wp\/v2\/posts\/15161\/revisions\/15162"}],"wp:attachment":[{"href":"https:\/\/www.krajskakniznicazilina.sk\/index.php\/wp-json\/wp\/v2\/media?parent=15161"}],"wp:term":[{"taxonomy":"category","embeddable":true,"href":"https:\/\/www.krajskakniznicazilina.sk\/index.php\/wp-json\/wp\/v2\/categories?post=15161"},{"taxonomy":"post_tag","embeddable":true,"href":"https:\/\/www.krajskakniznicazilina.sk\/index.php\/wp-json\/wp\/v2\/tags?post=15161"}],"curies":[{"name":"wp","href":"https:\/\/api.w.org\/{rel}","templated":true}]}}