{"id":15163,"date":"2025-05-18T07:03:08","date_gmt":"2025-05-18T05:03:08","guid":{"rendered":"https:\/\/www.krajskakniznicazilina.sk\/?p=15163"},"modified":"2025-05-16T14:03:14","modified_gmt":"2025-05-16T12:03:14","slug":"farebna-spirala-vystava","status":"publish","type":"post","link":"https:\/\/www.krajskakniznicazilina.sk\/index.php\/2025\/05\/18\/farebna-spirala-vystava\/","title":{"rendered":"Farebn\u00e1 \u0161pir\u00e1la &#8211; v\u00fdstava"},"content":{"rendered":"<p style=\"text-align: justify;\"><a href=\"https:\/\/www.krajskakniznicazilina.sk\/clanky\/2025\/06\/farebn%C3%A1%20%C5%A1pir%C3%A1la.jpg\"><img decoding=\"async\" class=\"alignleft size-medium\" src=\"https:\/\/www.krajskakniznicazilina.sk\/clanky\/2025\/06\/farebn%C3%A1%20%C5%A1pir%C3%A1la.jpg\" alt=\"plag\u00e1t\" width=\"35%\" height=\"35%\" \/><\/a>Poz\u00fdvame v\u00e1s na <strong>vernis\u00e1\u017e<\/strong> v\u00fdstavy detsk\u00fdch pr\u00e1c \u017eiakov v\u00fdtvarn\u00e9ho odboru S\u00fakromnej ZU\u0160, Ru\u017eov\u00e1 1637, \u017dilina, ako aj \u010dlenov v\u00fdtvarn\u00e9ho klubu OZ Klub mal\u00fdch umelcov, ktor\u00e1 sa uskuto\u010dn\u00ed v\u00a0utorok <strong>3. j\u00fana o\u00a016:00<\/strong> v\u00a0Krajskej kni\u017enici v\u00a0\u017diline. <strong>V\u00fdstavu<\/strong> si v\u00a0kni\u017enici m\u00f4\u017eete pozrie\u0165<strong> do 20. j\u00fana<\/strong>.<\/p>\n","protected":false},"excerpt":{"rendered":"<p>Poz\u00fdvame v\u00e1s na vernis\u00e1\u017e v\u00fdstavy detsk\u00fdch pr\u00e1c \u017eiakov v\u00fdtvarn\u00e9ho odboru S\u00fakromnej ZU\u0160, Ru\u017eov\u00e1 1637, \u017dilina, ako aj \u010dlenov v\u00fdtvarn\u00e9ho klubu OZ Klub mal\u00fdch umelcov, ktor\u00e1 sa uskuto\u010dn\u00ed v\u00a0utorok 3. j\u00fana o\u00a016:00 v\u00a0Krajskej kni\u017enici v\u00a0\u017diline. V\u00fdstavu si v\u00a0kni\u017enici m\u00f4\u017eete pozrie\u0165 do 20. j\u00fana.<\/p>\n","protected":false},"author":1,"featured_media":0,"comment_status":"open","ping_status":"open","sticky":false,"template":"","format":"image","meta":{"footnotes":""},"categories":[28,15],"tags":[],"class_list":["post-15163","post","type-post","status-publish","format-image","hentry","category-vernisaz","category-vystava","post_format-post-format-image"],"_links":{"self":[{"href":"https:\/\/www.krajskakniznicazilina.sk\/index.php\/wp-json\/wp\/v2\/posts\/15163","targetHints":{"allow":["GET"]}}],"collection":[{"href":"https:\/\/www.krajskakniznicazilina.sk\/index.php\/wp-json\/wp\/v2\/posts"}],"about":[{"href":"https:\/\/www.krajskakniznicazilina.sk\/index.php\/wp-json\/wp\/v2\/types\/post"}],"author":[{"embeddable":true,"href":"https:\/\/www.krajskakniznicazilina.sk\/index.php\/wp-json\/wp\/v2\/users\/1"}],"replies":[{"embeddable":true,"href":"https:\/\/www.krajskakniznicazilina.sk\/index.php\/wp-json\/wp\/v2\/comments?post=15163"}],"version-history":[{"count":2,"href":"https:\/\/www.krajskakniznicazilina.sk\/index.php\/wp-json\/wp\/v2\/posts\/15163\/revisions"}],"predecessor-version":[{"id":15165,"href":"https:\/\/www.krajskakniznicazilina.sk\/index.php\/wp-json\/wp\/v2\/posts\/15163\/revisions\/15165"}],"wp:attachment":[{"href":"https:\/\/www.krajskakniznicazilina.sk\/index.php\/wp-json\/wp\/v2\/media?parent=15163"}],"wp:term":[{"taxonomy":"category","embeddable":true,"href":"https:\/\/www.krajskakniznicazilina.sk\/index.php\/wp-json\/wp\/v2\/categories?post=15163"},{"taxonomy":"post_tag","embeddable":true,"href":"https:\/\/www.krajskakniznicazilina.sk\/index.php\/wp-json\/wp\/v2\/tags?post=15163"}],"curies":[{"name":"wp","href":"https:\/\/api.w.org\/{rel}","templated":true}]}}