{"id":15170,"date":"2025-05-21T13:34:16","date_gmt":"2025-05-21T11:34:16","guid":{"rendered":"https:\/\/www.krajskakniznicazilina.sk\/?p=15170"},"modified":"2025-05-21T13:34:16","modified_gmt":"2025-05-21T11:34:16","slug":"3d-modelovanie-pre-zaciatocnikov-2","status":"publish","type":"post","link":"https:\/\/www.krajskakniznicazilina.sk\/index.php\/2025\/05\/21\/3d-modelovanie-pre-zaciatocnikov-2\/","title":{"rendered":"3D modelovanie pre za\u010diato\u010dn\u00edkov"},"content":{"rendered":"<p style=\"text-align: justify;\"><a href=\"https:\/\/www.krajskakniznicazilina.sk\/wp-content\/uploads\/2025\/05\/3D-modelovanie-28.5.--scaled.jpg\"><img decoding=\"async\" class=\"size-medium wp-image-15171 alignleft\" src=\"https:\/\/www.krajskakniznicazilina.sk\/wp-content\/uploads\/2025\/05\/3D-modelovanie-28.5.--300x212.jpg\" alt=\"plag\u00e1t\" width=\"45%\" height=\"45%\" \/><\/a>Viete, ak\u00e9 s\u00fa z\u00e1kladn\u00e9 mo\u017enosti 3D modelovania? Ak\u00e9 objekty sa daj\u00fa vytv\u00e1ra\u0165 prostredn\u00edctvom \u0161pecializovan\u00e9ho softv\u00e9ru? Pr\u00ed\u010fte na podujatie v\u00a0stredu 28. m\u00e1ja o\u00a016:00 do Krajskej kni\u017enice v \u017diline a dozviete sa viac aj\u00a0 o z\u00e1kladn\u00fdch mo\u017enostiach modelovania v 3D priestore v programe pre za\u010diato\u010dn\u00edkov Tinkercad. \u00a0Budete ma\u0165 mo\u017enos\u0165 vytvori\u0165 si vlastn\u00fd projekt, ktor\u00fd si potom m\u00f4\u017eete vytla\u010di\u0165 na 3D tla\u010diarni. Podujatie je vhodn\u00e9 pre z\u00e1ujemcov od 15 rokov. Na podujatie je nutn\u00e9 sa vopred prihl\u00e1si\u0165 cez formul\u00e1r: <a href=\"https:\/\/forms.gle\/rEwyE5ieeR2aH4ts7\">https:\/\/forms.gle\/rEwyE5ieeR2aH4ts7<\/a>.<\/p>\n<p style=\"text-align: justify;\">Podmienkou je platn\u00fd \u010ditate\u013esk\u00fd preukaz do kni\u017enice. Te\u0161\u00edme sa na v\u00e1s.<\/p>\n","protected":false},"excerpt":{"rendered":"<p>Viete, ak\u00e9 s\u00fa z\u00e1kladn\u00e9 mo\u017enosti 3D modelovania? Ak\u00e9 objekty sa daj\u00fa vytv\u00e1ra\u0165 prostredn\u00edctvom \u0161pecializovan\u00e9ho softv\u00e9ru? Pr\u00ed\u010fte na podujatie v\u00a0stredu 28. m\u00e1ja o\u00a016:00 do Krajskej kni\u017enice v \u017diline a dozviete sa viac aj\u00a0 o z\u00e1kladn\u00fdch mo\u017enostiach modelovania v 3D priestore v programe pre za\u010diato\u010dn\u00edkov Tinkercad. \u00a0Budete ma\u0165 mo\u017enos\u0165 vytvori\u0165 si vlastn\u00fd projekt, ktor\u00fd si potom m\u00f4\u017eete &#8230; <a title=\"3D modelovanie pre za\u010diato\u010dn\u00edkov\" class=\"read-more\" href=\"https:\/\/www.krajskakniznicazilina.sk\/index.php\/2025\/05\/21\/3d-modelovanie-pre-zaciatocnikov-2\/\" aria-label=\"Pre\u010d\u00edtajte si viac o 3D modelovanie pre za\u010diato\u010dn\u00edkov\">\u010c\u00edta\u0165 viac<\/a><\/p>\n","protected":false},"author":1,"featured_media":0,"comment_status":"open","ping_status":"open","sticky":false,"template":"","format":"image","meta":{"footnotes":""},"categories":[26,12,20],"tags":[],"class_list":["post-15170","post","type-post","status-publish","format-image","hentry","category-kurz","category-podujatie","category-workshop","post_format-post-format-image"],"_links":{"self":[{"href":"https:\/\/www.krajskakniznicazilina.sk\/index.php\/wp-json\/wp\/v2\/posts\/15170","targetHints":{"allow":["GET"]}}],"collection":[{"href":"https:\/\/www.krajskakniznicazilina.sk\/index.php\/wp-json\/wp\/v2\/posts"}],"about":[{"href":"https:\/\/www.krajskakniznicazilina.sk\/index.php\/wp-json\/wp\/v2\/types\/post"}],"author":[{"embeddable":true,"href":"https:\/\/www.krajskakniznicazilina.sk\/index.php\/wp-json\/wp\/v2\/users\/1"}],"replies":[{"embeddable":true,"href":"https:\/\/www.krajskakniznicazilina.sk\/index.php\/wp-json\/wp\/v2\/comments?post=15170"}],"version-history":[{"count":1,"href":"https:\/\/www.krajskakniznicazilina.sk\/index.php\/wp-json\/wp\/v2\/posts\/15170\/revisions"}],"predecessor-version":[{"id":15172,"href":"https:\/\/www.krajskakniznicazilina.sk\/index.php\/wp-json\/wp\/v2\/posts\/15170\/revisions\/15172"}],"wp:attachment":[{"href":"https:\/\/www.krajskakniznicazilina.sk\/index.php\/wp-json\/wp\/v2\/media?parent=15170"}],"wp:term":[{"taxonomy":"category","embeddable":true,"href":"https:\/\/www.krajskakniznicazilina.sk\/index.php\/wp-json\/wp\/v2\/categories?post=15170"},{"taxonomy":"post_tag","embeddable":true,"href":"https:\/\/www.krajskakniznicazilina.sk\/index.php\/wp-json\/wp\/v2\/tags?post=15170"}],"curies":[{"name":"wp","href":"https:\/\/api.w.org\/{rel}","templated":true}]}}