{"id":15188,"date":"2025-05-27T07:03:36","date_gmt":"2025-05-27T05:03:36","guid":{"rendered":"https:\/\/www.krajskakniznicazilina.sk\/?p=15188"},"modified":"2025-05-26T08:59:22","modified_gmt":"2025-05-26T06:59:22","slug":"moje-leto","status":"publish","type":"post","link":"https:\/\/www.krajskakniznicazilina.sk\/index.php\/2025\/05\/27\/moje-leto\/","title":{"rendered":"Moje leto"},"content":{"rendered":"<p style=\"text-align: justify;\"><a href=\"https:\/\/www.krajskakniznicazilina.sk\/clanky\/2025\/06\/dom%C5%A1k%206.jpg\"><img decoding=\"async\" class=\"alignright size-medium\" src=\"https:\/\/www.krajskakniznicazilina.sk\/clanky\/2025\/06\/dom%C5%A1k%206.jpg\" alt=\"plag\u00e1t\" width=\"45%\" height=\"45%\" \/><\/a>K letu patr\u00ed cestovanie, aktivity, objavovanie nov\u00fdch miest a zbieranie z\u00e1\u017eitkov. Na podujat\u00ed<strong> 9. j\u00fana o 9:00<\/strong> si s de\u0165mi vyrob\u00edme denn\u00edk, do ktor\u00e9ho si m\u00f4\u017eu zapisova\u0165 letn\u00e9 dobrodru\u017estv\u00e1.<\/p>\n<p style=\"text-align: justify;\">Podujatie je ur\u010den\u00e9<strong>\u00a0pre deti<\/strong>\u00a0od 5 do 8 rokov\u00a0<strong>v dom\u00e1com vzdel\u00e1van\u00ed<\/strong>. Podmienkou je platn\u00fd \u010ditate\u013esk\u00fd preukaz do Krajskej kni\u017enice v \u017diline.<\/p>\n","protected":false},"excerpt":{"rendered":"<p>K letu patr\u00ed cestovanie, aktivity, objavovanie nov\u00fdch miest a zbieranie z\u00e1\u017eitkov. Na podujat\u00ed 9. j\u00fana o 9:00 si s de\u0165mi vyrob\u00edme denn\u00edk, do ktor\u00e9ho si m\u00f4\u017eu zapisova\u0165 letn\u00e9 dobrodru\u017estv\u00e1. Podujatie je ur\u010den\u00e9\u00a0pre deti\u00a0od 5 do 8 rokov\u00a0v dom\u00e1com vzdel\u00e1van\u00ed. Podmienkou je platn\u00fd \u010ditate\u013esk\u00fd preukaz do Krajskej kni\u017enice v \u017diline.<\/p>\n","protected":false},"author":1,"featured_media":0,"comment_status":"open","ping_status":"open","sticky":false,"template":"","format":"image","meta":{"footnotes":""},"categories":[12,73],"tags":[],"class_list":["post-15188","post","type-post","status-publish","format-image","hentry","category-podujatie","category-pre-deti","post_format-post-format-image"],"_links":{"self":[{"href":"https:\/\/www.krajskakniznicazilina.sk\/index.php\/wp-json\/wp\/v2\/posts\/15188","targetHints":{"allow":["GET"]}}],"collection":[{"href":"https:\/\/www.krajskakniznicazilina.sk\/index.php\/wp-json\/wp\/v2\/posts"}],"about":[{"href":"https:\/\/www.krajskakniznicazilina.sk\/index.php\/wp-json\/wp\/v2\/types\/post"}],"author":[{"embeddable":true,"href":"https:\/\/www.krajskakniznicazilina.sk\/index.php\/wp-json\/wp\/v2\/users\/1"}],"replies":[{"embeddable":true,"href":"https:\/\/www.krajskakniznicazilina.sk\/index.php\/wp-json\/wp\/v2\/comments?post=15188"}],"version-history":[{"count":2,"href":"https:\/\/www.krajskakniznicazilina.sk\/index.php\/wp-json\/wp\/v2\/posts\/15188\/revisions"}],"predecessor-version":[{"id":15190,"href":"https:\/\/www.krajskakniznicazilina.sk\/index.php\/wp-json\/wp\/v2\/posts\/15188\/revisions\/15190"}],"wp:attachment":[{"href":"https:\/\/www.krajskakniznicazilina.sk\/index.php\/wp-json\/wp\/v2\/media?parent=15188"}],"wp:term":[{"taxonomy":"category","embeddable":true,"href":"https:\/\/www.krajskakniznicazilina.sk\/index.php\/wp-json\/wp\/v2\/categories?post=15188"},{"taxonomy":"post_tag","embeddable":true,"href":"https:\/\/www.krajskakniznicazilina.sk\/index.php\/wp-json\/wp\/v2\/tags?post=15188"}],"curies":[{"name":"wp","href":"https:\/\/api.w.org\/{rel}","templated":true}]}}