{"id":15196,"date":"2025-06-06T07:03:10","date_gmt":"2025-06-06T05:03:10","guid":{"rendered":"https:\/\/www.krajskakniznicazilina.sk\/?p=15196"},"modified":"2025-07-04T13:10:31","modified_gmt":"2025-07-04T11:10:31","slug":"otvaracie-hodiny-pocas-letnych-prazdnin-2025","status":"publish","type":"post","link":"https:\/\/www.krajskakniznicazilina.sk\/index.php\/2025\/06\/06\/otvaracie-hodiny-pocas-letnych-prazdnin-2025\/","title":{"rendered":"Otv\u00e1racie hodiny po\u010das letn\u00fdch pr\u00e1zdnin 2025"},"content":{"rendered":"<h3><a href=\"https:\/\/www.krajskakniznicazilina.sk\/clanky\/2025\/07\/otv%C3%A1racie%20hodiny%20leto.jpg\"><img decoding=\"async\" class=\"alignright size-medium\" src=\"https:\/\/www.krajskakniznicazilina.sk\/clanky\/2025\/07\/otv%C3%A1racie%20hodiny%20leto.jpg\" alt=\"plag\u00e1t\" width=\"45%\" height=\"45%\" \/><\/a>Pondelok <strong>8:30 \u2013 16:00<\/strong><\/h3>\n<h3>Utorok\u00a0<strong>8:30 \u2013 16:00<\/strong><\/h3>\n<h3>Streda\u00a0<strong>12:00 \u2013 18:00<\/strong><\/h3>\n<h3>\u0160tvrtok\u00a0<strong>8:30 \u2013 16:00<\/strong><\/h3>\n<h3>Piatok\u00a0<strong>8:30 \u2013 16:00<\/strong><\/h3>\n<h3>Sobota, nede\u013ea \u2013<strong>\u00a0zatvoren\u00e9<\/strong><\/h3>\n<p>Mimo otv\u00e1rac\u00edch hod\u00edn kni\u017enice m\u00f4\u017eete vr\u00e1ti\u0165 knihy do Biblioboxu.<\/p>\n","protected":false},"excerpt":{"rendered":"<p>Pondelok 8:30 \u2013 16:00 Utorok\u00a08:30 \u2013 16:00 Streda\u00a012:00 \u2013 18:00 \u0160tvrtok\u00a08:30 \u2013 16:00 Piatok\u00a08:30 \u2013 16:00 Sobota, nede\u013ea \u2013\u00a0zatvoren\u00e9 Mimo otv\u00e1rac\u00edch hod\u00edn kni\u017enice m\u00f4\u017eete vr\u00e1ti\u0165 knihy do Biblioboxu.<\/p>\n","protected":false},"author":1,"featured_media":0,"comment_status":"open","ping_status":"open","sticky":false,"template":"","format":"image","meta":{"footnotes":""},"categories":[1],"tags":[],"class_list":["post-15196","post","type-post","status-publish","format-image","hentry","category-oznam","post_format-post-format-image"],"_links":{"self":[{"href":"https:\/\/www.krajskakniznicazilina.sk\/index.php\/wp-json\/wp\/v2\/posts\/15196","targetHints":{"allow":["GET"]}}],"collection":[{"href":"https:\/\/www.krajskakniznicazilina.sk\/index.php\/wp-json\/wp\/v2\/posts"}],"about":[{"href":"https:\/\/www.krajskakniznicazilina.sk\/index.php\/wp-json\/wp\/v2\/types\/post"}],"author":[{"embeddable":true,"href":"https:\/\/www.krajskakniznicazilina.sk\/index.php\/wp-json\/wp\/v2\/users\/1"}],"replies":[{"embeddable":true,"href":"https:\/\/www.krajskakniznicazilina.sk\/index.php\/wp-json\/wp\/v2\/comments?post=15196"}],"version-history":[{"count":5,"href":"https:\/\/www.krajskakniznicazilina.sk\/index.php\/wp-json\/wp\/v2\/posts\/15196\/revisions"}],"predecessor-version":[{"id":15202,"href":"https:\/\/www.krajskakniznicazilina.sk\/index.php\/wp-json\/wp\/v2\/posts\/15196\/revisions\/15202"}],"wp:attachment":[{"href":"https:\/\/www.krajskakniznicazilina.sk\/index.php\/wp-json\/wp\/v2\/media?parent=15196"}],"wp:term":[{"taxonomy":"category","embeddable":true,"href":"https:\/\/www.krajskakniznicazilina.sk\/index.php\/wp-json\/wp\/v2\/categories?post=15196"},{"taxonomy":"post_tag","embeddable":true,"href":"https:\/\/www.krajskakniznicazilina.sk\/index.php\/wp-json\/wp\/v2\/tags?post=15196"}],"curies":[{"name":"wp","href":"https:\/\/api.w.org\/{rel}","templated":true}]}}