{"id":15199,"date":"2025-05-27T12:00:30","date_gmt":"2025-05-27T10:00:30","guid":{"rendered":"https:\/\/www.krajskakniznicazilina.sk\/?p=15199"},"modified":"2025-05-27T12:00:30","modified_gmt":"2025-05-27T10:00:30","slug":"medzinarodny-den-deti-v-kempe-pod-slnecnymi-skalami","status":"publish","type":"post","link":"https:\/\/www.krajskakniznicazilina.sk\/index.php\/2025\/05\/27\/medzinarodny-den-deti-v-kempe-pod-slnecnymi-skalami\/","title":{"rendered":"Medzin\u00e1rodn\u00fd de\u0148 det\u00ed v Kempe pod Slne\u010dn\u00fdmi skalami"},"content":{"rendered":"<p style=\"text-align: justify;\"><a href=\"https:\/\/www.krajskakniznicazilina.sk\/clanky\/2025\/05\/PLAG%C3%81T%20DE%C5%83%20DET%C3%8D%202025%20(2)skaly.jpg\"><img decoding=\"async\" class=\"alignleft size-medium\" src=\"https:\/\/www.krajskakniznicazilina.sk\/clanky\/2025\/05\/PLAG%C3%81T%20DE%C5%83%20DET%C3%8D%202025%20(2)skaly.jpg\" alt=\"plag\u00e1t\" width=\"25%\" height=\"25%\" \/><\/a>Aj tento rok v\u00e1s srde\u010dne poz\u00fdvame na oslavu v\u00e1\u0161ho sviatku \u2013 Medzin\u00e1rodn\u00e9ho d\u0148a det\u00ed, ktor\u00e1 sa uskuto\u010dn\u00ed v Kempe pod Slne\u010dn\u00fdmi skalami. Te\u0161\u00edme sa, \u017ee tento v\u00fdnimo\u010dn\u00fd de\u0148 budeme m\u00f4c\u0165 str\u00e1vi\u0165 spolo\u010dne, bude to de\u0148 pln\u00fd radosti a z\u00e1bavy. S ve\u013ekou rados\u0165ou oznamujeme, \u017ee sa k n\u00e1m pridal t\u00edm z Krajskej kni\u017enice \u017dilina, ktor\u00fd pre v\u00e1s priprav\u00ed \u201eLetn\u00fa \u010dit\u00e1re\u0148\u201c s bohat\u00fdm a interakt\u00edvnym programom. Neodmyslite\u013enou s\u00fa\u010das\u0165ou podujatia bude aj rozpr\u00e1vkov\u00e9 divadlo BimBamKuku so zn\u00e1mymi pr\u00edbehmi L\u00ed\u0161ky a Vlka, ktor\u00e9 v\u00e1m spr\u00edjemn\u00ed sobotn\u00e9 popoludnie. Do tanca v\u00e1m zahraj\u00fa detsk\u00e9 kapely RocKids a program spestria aj hasi\u010di. Okrem toho si budete m\u00f4c\u0165 u\u017ei\u0165 jazdu na kon\u00edkoch \u010di detsk\u00fd swap. My\u0161lienka detsk\u00e9ho swapu spo\u010d\u00edva v tom, \u017ee si prinesiete napr\u00edklad svoje star\u0161ie, nepou\u017e\u00edvan\u00e9, ale st\u00e1le v dobrom stave oble\u010denie alebo hra\u010dky, ktor\u00e9 si medzi sebou povymie\u0148ate. Oble\u010denie a hra\u010dky, ktor\u00e9 zostan\u00fa navy\u0161e pon\u00fakneme de\u0165om z detsk\u00e9ho domova, ktor\u00e9 k n\u00e1m pr\u00eddu tr\u00e1vi\u0165 \u010das na \u010fal\u0161\u00ed de\u0148 v nede\u013eu. Ver\u00edme, \u017ee ich aj t\u00fdmto sp\u00f4sobom pote\u0161\u00edte. Pripraven\u00e1 je aj tombola s atrakt\u00edvnymi cenami. Po dni plnom dobrodru\u017estiev, v\u00e1s poz\u00fdvame na premietanie rozpr\u00e1vky, ktorou spolo\u010dne otvor\u00edme sez\u00f3nu letn\u00e9ho kina. O ob\u010derstvenie a n\u00e1poje bude postaran\u00e9 v na\u0161om bufete, aby ste mali dostatok energie na cel\u00fd de\u0148 pln\u00fd z\u00e1bavy.<!--more--><\/p>\n<p style=\"text-align: justify;\">Te\u0161\u00edme sa na v\u00e1s a ver\u00edme, \u017ee si spolo\u010dne u\u017eijeme nezabudnute\u013en\u00fd de\u0148!<\/p>\n<p style=\"text-align: justify;\">Program MDD, sobota 31.5.2025, dobrovo\u013en\u00e9 vstupn\u00e9:<\/p>\n<p style=\"text-align: justify;\">10:00 &#8211; registr\u00e1cia so sladk\u00fdm prekvapen\u00edm pre deti<\/p>\n<p style=\"text-align: justify;\">10:30 &#8211; s\u00fa\u0165a\u017ee v are\u00e1li<\/p>\n<p style=\"text-align: justify;\">11:30 &#8211; letn\u00e1 \u010dit\u00e1re\u0148 &amp; tvoriv\u00e9 dielne<\/p>\n<p style=\"text-align: justify;\">12:30 &#8211; \u010das na ob\u010derstvenie v na\u0161om bufete<\/p>\n<p style=\"text-align: justify;\">14:00 &#8211; jazda na kon\u00edku, hasi\u010di, detsk\u00fd swap<\/p>\n<p style=\"text-align: justify;\">15:00 &#8211; divadlo BimBamKuku<\/p>\n<p style=\"text-align: justify;\">15:50 &#8211; tombola s atrakt\u00edvnymi cenami<\/p>\n<p style=\"text-align: justify;\">16:30 &#8211; hudobn\u00e1 detsk\u00e1 kapela RocKids<\/p>\n<p style=\"text-align: justify;\">17:30 &#8211; spolo\u010dn\u00e1 opeka\u010dka (\u0161pek\u00e1\u010diky zabezpe\u010duje kemp)<\/p>\n<p style=\"text-align: justify;\">18:30 &#8211; premietanie rozpr\u00e1vky<\/p>\n<p style=\"text-align: justify;\">20:00 &#8211; hudobn\u00e1 detsk\u00e1 kapela<\/p>\n","protected":false},"excerpt":{"rendered":"<p>Aj tento rok v\u00e1s srde\u010dne poz\u00fdvame na oslavu v\u00e1\u0161ho sviatku \u2013 Medzin\u00e1rodn\u00e9ho d\u0148a det\u00ed, ktor\u00e1 sa uskuto\u010dn\u00ed v Kempe pod Slne\u010dn\u00fdmi skalami. Te\u0161\u00edme sa, \u017ee tento v\u00fdnimo\u010dn\u00fd de\u0148 budeme m\u00f4c\u0165 str\u00e1vi\u0165 spolo\u010dne, bude to de\u0148 pln\u00fd radosti a z\u00e1bavy. S ve\u013ekou rados\u0165ou oznamujeme, \u017ee sa k n\u00e1m pridal t\u00edm z Krajskej kni\u017enice \u017dilina, ktor\u00fd pre &#8230; <a title=\"Medzin\u00e1rodn\u00fd de\u0148 det\u00ed v Kempe pod Slne\u010dn\u00fdmi skalami\" class=\"read-more\" href=\"https:\/\/www.krajskakniznicazilina.sk\/index.php\/2025\/05\/27\/medzinarodny-den-deti-v-kempe-pod-slnecnymi-skalami\/\" aria-label=\"Pre\u010d\u00edtajte si viac o Medzin\u00e1rodn\u00fd de\u0148 det\u00ed v Kempe pod Slne\u010dn\u00fdmi skalami\">\u010c\u00edta\u0165 viac<\/a><\/p>\n","protected":false},"author":1,"featured_media":0,"comment_status":"open","ping_status":"open","sticky":false,"template":"","format":"image","meta":{"footnotes":""},"categories":[27],"tags":[],"class_list":["post-15199","post","type-post","status-publish","format-image","hentry","category-pozvanka-z-regionov","post_format-post-format-image"],"_links":{"self":[{"href":"https:\/\/www.krajskakniznicazilina.sk\/index.php\/wp-json\/wp\/v2\/posts\/15199","targetHints":{"allow":["GET"]}}],"collection":[{"href":"https:\/\/www.krajskakniznicazilina.sk\/index.php\/wp-json\/wp\/v2\/posts"}],"about":[{"href":"https:\/\/www.krajskakniznicazilina.sk\/index.php\/wp-json\/wp\/v2\/types\/post"}],"author":[{"embeddable":true,"href":"https:\/\/www.krajskakniznicazilina.sk\/index.php\/wp-json\/wp\/v2\/users\/1"}],"replies":[{"embeddable":true,"href":"https:\/\/www.krajskakniznicazilina.sk\/index.php\/wp-json\/wp\/v2\/comments?post=15199"}],"version-history":[{"count":2,"href":"https:\/\/www.krajskakniznicazilina.sk\/index.php\/wp-json\/wp\/v2\/posts\/15199\/revisions"}],"predecessor-version":[{"id":15201,"href":"https:\/\/www.krajskakniznicazilina.sk\/index.php\/wp-json\/wp\/v2\/posts\/15199\/revisions\/15201"}],"wp:attachment":[{"href":"https:\/\/www.krajskakniznicazilina.sk\/index.php\/wp-json\/wp\/v2\/media?parent=15199"}],"wp:term":[{"taxonomy":"category","embeddable":true,"href":"https:\/\/www.krajskakniznicazilina.sk\/index.php\/wp-json\/wp\/v2\/categories?post=15199"},{"taxonomy":"post_tag","embeddable":true,"href":"https:\/\/www.krajskakniznicazilina.sk\/index.php\/wp-json\/wp\/v2\/tags?post=15199"}],"curies":[{"name":"wp","href":"https:\/\/api.w.org\/{rel}","templated":true}]}}