{"id":15205,"date":"2025-05-28T07:02:56","date_gmt":"2025-05-28T05:02:56","guid":{"rendered":"https:\/\/www.krajskakniznicazilina.sk\/?p=15205"},"modified":"2025-06-13T11:55:19","modified_gmt":"2025-06-13T09:55:19","slug":"pribehy-pod-korunami-stromov","status":"publish","type":"post","link":"https:\/\/www.krajskakniznicazilina.sk\/index.php\/2025\/05\/28\/pribehy-pod-korunami-stromov\/","title":{"rendered":"Pr\u00edbehy pod korunami stromov"},"content":{"rendered":"<p style=\"text-align: justify;\"><a href=\"https:\/\/www.krajskakniznicazilina.sk\/clanky\/2025\/06\/koruny%20stromov.jpg\"><img decoding=\"async\" class=\"alignright size-medium\" src=\"https:\/\/www.krajskakniznicazilina.sk\/clanky\/2025\/06\/koruny%20stromov.jpg\" alt=\"plag\u00e1t\" width=\"40%\" height=\"40%\" \/><\/a>\u010c\u00edtanie pr\u00edbehov s Krajskou kni\u017enicou v \u017diline a pozvan\u00fdmi hos\u0165ami. Cie\u013eom podujatia je propag\u00e1cia \u010d\u00edtania medzi de\u0165mi a ml\u00e1de\u017eou a vytv\u00e1ranie vz\u0165ahu ku knih\u00e1m a literat\u00fare. \u0160kolsk\u00e9 kolekt\u00edvy sa postupne stretn\u00fa so spisovate\u013ekou To\u0148ou Revajovou a canisterapeutkou Martinou \u010contofalskou Michalkovou a jej ps\u00edkmi. Te\u0161\u00edme sa na V\u00e1s v stredu<strong> 18. j\u00fana 2025 od 9:00 do 13:00<\/strong> v parku &#8211; Sad na Studni\u010dk\u00e1ch v \u017diline.<\/p>\n<p style=\"text-align: justify;\"><strong>Podujatie<\/strong> je <strong>pre<\/strong> organizovan\u00e9 <strong>\u0161kolsk\u00e9 kolekt\u00edvy<\/strong>. V pr\u00edpade z\u00e1ujmu je nutn\u00e9 n\u00e1s kontaktova\u0165 e-mailom:<strong> <a href=\"mailto:neslusanova@krajskakniznicazilina.sk\">neslusanova@krajskakniznicazilina.sk<\/a> <\/strong>alebo telefonicky: <strong>0908\/946 421<\/strong>, z d\u00f4vodu napl\u00e1novania \u010dasov\u00e9ho harmonogramu.<\/p>\n","protected":false},"excerpt":{"rendered":"<p>\u010c\u00edtanie pr\u00edbehov s Krajskou kni\u017enicou v \u017diline a pozvan\u00fdmi hos\u0165ami. Cie\u013eom podujatia je propag\u00e1cia \u010d\u00edtania medzi de\u0165mi a ml\u00e1de\u017eou a vytv\u00e1ranie vz\u0165ahu ku knih\u00e1m a literat\u00fare. \u0160kolsk\u00e9 kolekt\u00edvy sa postupne stretn\u00fa so spisovate\u013ekou To\u0148ou Revajovou a canisterapeutkou Martinou \u010contofalskou Michalkovou a jej ps\u00edkmi. Te\u0161\u00edme sa na V\u00e1s v stredu 18. j\u00fana 2025 od 9:00 do &#8230; <a title=\"Pr\u00edbehy pod korunami stromov\" class=\"read-more\" href=\"https:\/\/www.krajskakniznicazilina.sk\/index.php\/2025\/05\/28\/pribehy-pod-korunami-stromov\/\" aria-label=\"Pre\u010d\u00edtajte si viac o Pr\u00edbehy pod korunami stromov\">\u010c\u00edta\u0165 viac<\/a><\/p>\n","protected":false},"author":1,"featured_media":0,"comment_status":"open","ping_status":"open","sticky":false,"template":"","format":"image","meta":{"footnotes":""},"categories":[1],"tags":[],"class_list":["post-15205","post","type-post","status-publish","format-image","hentry","category-oznam","post_format-post-format-image"],"_links":{"self":[{"href":"https:\/\/www.krajskakniznicazilina.sk\/index.php\/wp-json\/wp\/v2\/posts\/15205","targetHints":{"allow":["GET"]}}],"collection":[{"href":"https:\/\/www.krajskakniznicazilina.sk\/index.php\/wp-json\/wp\/v2\/posts"}],"about":[{"href":"https:\/\/www.krajskakniznicazilina.sk\/index.php\/wp-json\/wp\/v2\/types\/post"}],"author":[{"embeddable":true,"href":"https:\/\/www.krajskakniznicazilina.sk\/index.php\/wp-json\/wp\/v2\/users\/1"}],"replies":[{"embeddable":true,"href":"https:\/\/www.krajskakniznicazilina.sk\/index.php\/wp-json\/wp\/v2\/comments?post=15205"}],"version-history":[{"count":3,"href":"https:\/\/www.krajskakniznicazilina.sk\/index.php\/wp-json\/wp\/v2\/posts\/15205\/revisions"}],"predecessor-version":[{"id":15330,"href":"https:\/\/www.krajskakniznicazilina.sk\/index.php\/wp-json\/wp\/v2\/posts\/15205\/revisions\/15330"}],"wp:attachment":[{"href":"https:\/\/www.krajskakniznicazilina.sk\/index.php\/wp-json\/wp\/v2\/media?parent=15205"}],"wp:term":[{"taxonomy":"category","embeddable":true,"href":"https:\/\/www.krajskakniznicazilina.sk\/index.php\/wp-json\/wp\/v2\/categories?post=15205"},{"taxonomy":"post_tag","embeddable":true,"href":"https:\/\/www.krajskakniznicazilina.sk\/index.php\/wp-json\/wp\/v2\/tags?post=15205"}],"curies":[{"name":"wp","href":"https:\/\/api.w.org\/{rel}","templated":true}]}}