{"id":15208,"date":"2025-06-05T07:02:05","date_gmt":"2025-06-05T05:02:05","guid":{"rendered":"https:\/\/www.krajskakniznicazilina.sk\/?p=15208"},"modified":"2025-06-09T12:48:03","modified_gmt":"2025-06-09T10:48:03","slug":"tesla-orava-a-pocitace-rpp-16","status":"publish","type":"post","link":"https:\/\/www.krajskakniznicazilina.sk\/index.php\/2025\/06\/05\/tesla-orava-a-pocitace-rpp-16\/","title":{"rendered":"TESLA ORAVA A PO\u010c\u00cdTA\u010cE RPP 16"},"content":{"rendered":"<p style=\"text-align: justify;\"><a href=\"https:\/\/www.krajskakniznicazilina.sk\/clanky\/2025\/06\/tesla%20orava.jpg\"><img decoding=\"async\" class=\"alignleft size-medium\" src=\"https:\/\/www.krajskakniznicazilina.sk\/clanky\/2025\/06\/tesla%20orava.jpg\" alt=\"plag\u00e1t\" width=\"45%\" height=\"45%\" \/><\/a><\/p>\n<p style=\"text-align: justify;\">Poz\u00fdvame V\u00e1s na prezent\u00e1ciu Pam\u00e4tnice, ktor\u00e1 bola zostaven\u00e1 pri pr\u00edle\u017eitosti 50. v\u00fdro\u010dia za\u010datia v\u00fdroby \u010d\u00edslicov\u00fdch riadiacich po\u010d\u00edta\u010dov 3. gener\u00e1cie RPP 16 v TESLE ORAVA.\u00a0 Dozviete sa viac o\u00a0 hist\u00f3rii v\u00fdskumu, v\u00fdvoja a v\u00fdroby t\u00fdchto strojov z poh\u013eadu organiza\u010dn\u00fdch zlo\u017eiek tohto podniku. Dielo je doplnen\u00e9 o v\u00fdznamn\u00e9 \u010dasti dobov\u00fdch dokumentov, ale aj o spomienky \u010fal\u0161\u00edch \u013eud\u00ed, ktor\u00ed sa podie\u013eali na vzniku t\u00fdchto po\u010d\u00edta\u010dov. Te\u0161\u00edme sa na v\u00e1s vo \u0161tvrtok <strong>19. j\u00fana o 15:00<\/strong> v Krajskej kni\u017enici v \u017diline.<\/p>\n","protected":false},"excerpt":{"rendered":"<p>Poz\u00fdvame V\u00e1s na prezent\u00e1ciu Pam\u00e4tnice, ktor\u00e1 bola zostaven\u00e1 pri pr\u00edle\u017eitosti 50. v\u00fdro\u010dia za\u010datia v\u00fdroby \u010d\u00edslicov\u00fdch riadiacich po\u010d\u00edta\u010dov 3. gener\u00e1cie RPP 16 v TESLE ORAVA.\u00a0 Dozviete sa viac o\u00a0 hist\u00f3rii v\u00fdskumu, v\u00fdvoja a v\u00fdroby t\u00fdchto strojov z poh\u013eadu organiza\u010dn\u00fdch zlo\u017eiek tohto podniku. Dielo je doplnen\u00e9 o v\u00fdznamn\u00e9 \u010dasti dobov\u00fdch dokumentov, ale aj o spomienky \u010fal\u0161\u00edch \u013eud\u00ed, &#8230; <a title=\"TESLA ORAVA A PO\u010c\u00cdTA\u010cE RPP 16\" class=\"read-more\" href=\"https:\/\/www.krajskakniznicazilina.sk\/index.php\/2025\/06\/05\/tesla-orava-a-pocitace-rpp-16\/\" aria-label=\"Pre\u010d\u00edtajte si viac o TESLA ORAVA A PO\u010c\u00cdTA\u010cE RPP 16\">\u010c\u00edta\u0165 viac<\/a><\/p>\n","protected":false},"author":1,"featured_media":0,"comment_status":"open","ping_status":"open","sticky":false,"template":"","format":"image","meta":{"footnotes":""},"categories":[12,22],"tags":[],"class_list":["post-15208","post","type-post","status-publish","format-image","hentry","category-podujatie","category-prednaska","post_format-post-format-image"],"_links":{"self":[{"href":"https:\/\/www.krajskakniznicazilina.sk\/index.php\/wp-json\/wp\/v2\/posts\/15208","targetHints":{"allow":["GET"]}}],"collection":[{"href":"https:\/\/www.krajskakniznicazilina.sk\/index.php\/wp-json\/wp\/v2\/posts"}],"about":[{"href":"https:\/\/www.krajskakniznicazilina.sk\/index.php\/wp-json\/wp\/v2\/types\/post"}],"author":[{"embeddable":true,"href":"https:\/\/www.krajskakniznicazilina.sk\/index.php\/wp-json\/wp\/v2\/users\/1"}],"replies":[{"embeddable":true,"href":"https:\/\/www.krajskakniznicazilina.sk\/index.php\/wp-json\/wp\/v2\/comments?post=15208"}],"version-history":[{"count":2,"href":"https:\/\/www.krajskakniznicazilina.sk\/index.php\/wp-json\/wp\/v2\/posts\/15208\/revisions"}],"predecessor-version":[{"id":15279,"href":"https:\/\/www.krajskakniznicazilina.sk\/index.php\/wp-json\/wp\/v2\/posts\/15208\/revisions\/15279"}],"wp:attachment":[{"href":"https:\/\/www.krajskakniznicazilina.sk\/index.php\/wp-json\/wp\/v2\/media?parent=15208"}],"wp:term":[{"taxonomy":"category","embeddable":true,"href":"https:\/\/www.krajskakniznicazilina.sk\/index.php\/wp-json\/wp\/v2\/categories?post=15208"},{"taxonomy":"post_tag","embeddable":true,"href":"https:\/\/www.krajskakniznicazilina.sk\/index.php\/wp-json\/wp\/v2\/tags?post=15208"}],"curies":[{"name":"wp","href":"https:\/\/api.w.org\/{rel}","templated":true}]}}