{"id":15214,"date":"2025-05-30T08:09:58","date_gmt":"2025-05-30T06:09:58","guid":{"rendered":"https:\/\/www.krajskakniznicazilina.sk\/?p=15214"},"modified":"2025-06-02T10:58:27","modified_gmt":"2025-06-02T08:58:27","slug":"seminar-zrucnosti-ucitelov-generacie-z","status":"publish","type":"post","link":"https:\/\/www.krajskakniznicazilina.sk\/index.php\/2025\/05\/30\/seminar-zrucnosti-ucitelov-generacie-z\/","title":{"rendered":"Semin\u00e1r Zru\u010dnosti u\u010dite\u013eov gener\u00e1cie Z"},"content":{"rendered":"<p style=\"text-align: justify;\"><a href=\"https:\/\/www.krajskakniznicazilina.sk\/clanky\/2025\/06\/zru%C4%8Dnosti%20gen%20Z.jpg\"><img decoding=\"async\" class=\"size-medium alignleft\" src=\"https:\/\/www.krajskakniznicazilina.sk\/clanky\/2025\/06\/zru%C4%8Dnosti%20gen%20Z.jpg\" alt=\"plag\u00e1t\" width=\"35%\" height=\"35%\" \/><\/a>Srde\u010dne poz\u00fdvame pedag\u00f3gov stredn\u00fdch a vysok\u00fdch \u0161k\u00f4l, \u0161peci\u00e1lnych pedag\u00f3gov, pracovn\u00edkov v oblasti odborn\u00e9ho vzdel\u00e1vania a pr\u00edpravy, ktor\u00ed pracuj\u00fa s gener\u00e1ciou Z na semin\u00e1r Zru\u010dnosti pre vyu\u010dovanie gener\u00e1cie Z &#8211; projekt Erasmus + GenZ, ktor\u00fd sa uskuto\u010dn\u00ed <strong>vo \u0161tvrtok 12. j\u00fana 2025 v \u010dase od 15:00 &#8211; 16:30 hod.<\/strong><\/p>\n<p style=\"text-align: justify;\">\u00da\u010das\u0165 na semin\u00e1ri je bezplatn\u00e1. Pros\u00edme v\u00e1s o registr\u00e1ciu, aby sme vedeli pripravi\u0165 zodpovedaj\u00faci materi\u00e1l: <strong><a href=\"https:\/\/forms.gle\/a1VxE8gwC9r2THDt5\">https:\/\/forms.gle\/a1VxE8gwC9r2THDt5<\/a><\/strong><\/p>\n<p style=\"text-align: justify;\"><strong>NA SEMIN\u00c1RI SA DOZVIETE:<\/strong><\/p>\n<ul style=\"text-align: justify;\">\n<li>Ak\u00e9 zru\u010dnosti a kompetencie by mali pedag\u00f3govia rozv\u00edja\u0165, ke\u010f vzdel\u00e1vaj\u00fa gener\u00e1ciu Z <strong>(1997-2012)<\/strong>.<\/li>\n<li>Po\u010das workshopu si over\u00edte ak\u00e9 s\u00fa Va\u0161e s\u00fa\u010dasn\u00e9 zru\u010dnosti v jednom z \u00f4smich okruhov zru\u010dnost\u00ed. (Prineste si pros\u00edm mobiln\u00fd telef\u00f3n).<\/li>\n<li>Predstav\u00edme V\u00e1m online e-platformu, kde n\u00e1jdete aktivity pre rozvoj zru\u010dnost\u00ed pre V\u00e1s, ale i Va\u0161ich \u0161tudentov, ale aj podcasty, link na mobiln\u00fa aplik\u00e1ciu a Sprievodcu pre pedag\u00f3gov so s\u00fahrnom najd\u00f4le\u017eitej\u0161\u00edch kompetenci\u00ed.<\/li>\n<li>A v r\u00e1mci diskusie budeme zdie\u013ea\u0165 Va\u0161e n\u00e1h\u013eady na to, s ak\u00fdmi v\u00fdzvami pri v\u00fduke dne\u0161n\u00fdch \u0161tudentov z\u00e1pas\u00edte a budeme spolo\u010dne h\u013eada\u0165 tipy na nov\u00e9 pr\u00edstupy.<\/li>\n<\/ul>\n<p><!--more--><\/p>\n<p style=\"text-align: justify;\">Te\u0161\u00edme sa na Va\u0161u \u00fa\u010das\u0165!<\/p>\n<p style=\"text-align: justify;\">Cie\u013emi projektu GenZ zameran\u00e9ho na hodnotenie a rozvoj zru\u010dnost\u00ed u\u010dite\u013eov pre gener\u00e1ciu Z s\u00fa:<\/p>\n<ul style=\"text-align: justify;\">\n<li>Zlep\u0161enie efekt\u00edvnosti pedag\u00f3gov<\/li>\n<li>Zlep\u0161enie v\u00fdsledkov \u017eiakov a \u0161tudentov<\/li>\n<li>Lep\u0161ia kl\u00edma \u0161koly<\/li>\n<li>Prisp\u00f4sobenie sa meniacej sa popul\u00e1cii \u0161tudentov<\/li>\n<\/ul>\n<p style=\"text-align: justify;\">Na dosiahnutie t\u00fdchto cie\u013eov sme vytvorili podrobn\u00fd n\u00e1stroj na hodnotenie soci\u00e1lnych zru\u010dnost\u00ed a aktivity na individu\u00e1lne \u0161kolenie t\u00fdch soci\u00e1lnych zru\u010dnost\u00ed (m\u00e4kk\u00fdch zru\u010dnost\u00ed), ktor\u00e9 u\u010ditelia na stredn\u00fdch a vysok\u00fdch \u0161kol\u00e1ch potrebuj\u00fa pri v\u00fdu\u010dbe \u017eiakov a \u0161tudentov z gener\u00e1cie Z.\u00a0 <a href=\"https:\/\/mgenz.eu\/\">https:\/\/mgenz.eu\/<\/a><\/p>\n","protected":false},"excerpt":{"rendered":"<p>Srde\u010dne poz\u00fdvame pedag\u00f3gov stredn\u00fdch a vysok\u00fdch \u0161k\u00f4l, \u0161peci\u00e1lnych pedag\u00f3gov, pracovn\u00edkov v oblasti odborn\u00e9ho vzdel\u00e1vania a pr\u00edpravy, ktor\u00ed pracuj\u00fa s gener\u00e1ciou Z na semin\u00e1r Zru\u010dnosti pre vyu\u010dovanie gener\u00e1cie Z &#8211; projekt Erasmus + GenZ, ktor\u00fd sa uskuto\u010dn\u00ed vo \u0161tvrtok 12. j\u00fana 2025 v \u010dase od 15:00 &#8211; 16:30 hod. \u00da\u010das\u0165 na semin\u00e1ri je bezplatn\u00e1. Pros\u00edme v\u00e1s &#8230; <a title=\"Semin\u00e1r Zru\u010dnosti u\u010dite\u013eov gener\u00e1cie Z\" class=\"read-more\" href=\"https:\/\/www.krajskakniznicazilina.sk\/index.php\/2025\/05\/30\/seminar-zrucnosti-ucitelov-generacie-z\/\" aria-label=\"Pre\u010d\u00edtajte si viac o Semin\u00e1r Zru\u010dnosti u\u010dite\u013eov gener\u00e1cie Z\">\u010c\u00edta\u0165 viac<\/a><\/p>\n","protected":false},"author":1,"featured_media":0,"comment_status":"open","ping_status":"open","sticky":false,"template":"","format":"image","meta":{"footnotes":""},"categories":[12],"tags":[],"class_list":["post-15214","post","type-post","status-publish","format-image","hentry","category-podujatie","post_format-post-format-image"],"_links":{"self":[{"href":"https:\/\/www.krajskakniznicazilina.sk\/index.php\/wp-json\/wp\/v2\/posts\/15214","targetHints":{"allow":["GET"]}}],"collection":[{"href":"https:\/\/www.krajskakniznicazilina.sk\/index.php\/wp-json\/wp\/v2\/posts"}],"about":[{"href":"https:\/\/www.krajskakniznicazilina.sk\/index.php\/wp-json\/wp\/v2\/types\/post"}],"author":[{"embeddable":true,"href":"https:\/\/www.krajskakniznicazilina.sk\/index.php\/wp-json\/wp\/v2\/users\/1"}],"replies":[{"embeddable":true,"href":"https:\/\/www.krajskakniznicazilina.sk\/index.php\/wp-json\/wp\/v2\/comments?post=15214"}],"version-history":[{"count":4,"href":"https:\/\/www.krajskakniznicazilina.sk\/index.php\/wp-json\/wp\/v2\/posts\/15214\/revisions"}],"predecessor-version":[{"id":15233,"href":"https:\/\/www.krajskakniznicazilina.sk\/index.php\/wp-json\/wp\/v2\/posts\/15214\/revisions\/15233"}],"wp:attachment":[{"href":"https:\/\/www.krajskakniznicazilina.sk\/index.php\/wp-json\/wp\/v2\/media?parent=15214"}],"wp:term":[{"taxonomy":"category","embeddable":true,"href":"https:\/\/www.krajskakniznicazilina.sk\/index.php\/wp-json\/wp\/v2\/categories?post=15214"},{"taxonomy":"post_tag","embeddable":true,"href":"https:\/\/www.krajskakniznicazilina.sk\/index.php\/wp-json\/wp\/v2\/tags?post=15214"}],"curies":[{"name":"wp","href":"https:\/\/api.w.org\/{rel}","templated":true}]}}