{"id":15219,"date":"2025-06-10T07:04:36","date_gmt":"2025-06-10T05:04:36","guid":{"rendered":"https:\/\/www.krajskakniznicazilina.sk\/?p=15219"},"modified":"2025-06-03T13:27:20","modified_gmt":"2025-06-03T11:27:20","slug":"cestovanie-o-piatej-letne-potulky-po-slovensku","status":"publish","type":"post","link":"https:\/\/www.krajskakniznicazilina.sk\/index.php\/2025\/06\/10\/cestovanie-o-piatej-letne-potulky-po-slovensku\/","title":{"rendered":"Cestovanie o piatej &#8211; Letn\u00e9 potulky po Slovensku"},"content":{"rendered":"<p style=\"text-align: justify;\"><a href=\"https:\/\/www.krajskakniznicazilina.sk\/clanky\/2025\/06\/cestovanie%20o%20piatej%206.jpg\"><img decoding=\"async\" class=\"alignright size-medium\" src=\"https:\/\/www.krajskakniznicazilina.sk\/clanky\/2025\/06\/cestovanie%20o%20piatej%206.jpg\" alt=\"plag\u00e1t\" width=\"40%\" height=\"40%\" \/><\/a>V pondelok <strong>23. j\u00fana o 17:00<\/strong> sa spolo\u010dne vyberieme do zn\u00e1mych aj menej zn\u00e1mych k\u00fatov Slovenska, predstav\u00edme si turistick\u00e9\u00a0 vrcholy, ktor\u00e9 nie s\u00fa vysok\u00e9 a napriek tomu pon\u00fakaj\u00fa intenz\u00edvny z\u00e1\u017eitok a zastav\u00edme sa aj v ob\u013e\u00faben\u00fdch mest\u00e1ch Slovenska.. V druhej \u010dasti podujatia si uk\u00e1\u017eeme najkraj\u0161ie pl\u00e1\u017ee sveta, na ktor\u00fdch si aspo\u0148 vizu\u00e1lne vychutn\u00e1me slnko, piesok a more.<\/p>\n","protected":false},"excerpt":{"rendered":"<p>V pondelok 23. j\u00fana o 17:00 sa spolo\u010dne vyberieme do zn\u00e1mych aj menej zn\u00e1mych k\u00fatov Slovenska, predstav\u00edme si turistick\u00e9\u00a0 vrcholy, ktor\u00e9 nie s\u00fa vysok\u00e9 a napriek tomu pon\u00fakaj\u00fa intenz\u00edvny z\u00e1\u017eitok a zastav\u00edme sa aj v ob\u013e\u00faben\u00fdch mest\u00e1ch Slovenska.. V druhej \u010dasti podujatia si uk\u00e1\u017eeme najkraj\u0161ie pl\u00e1\u017ee sveta, na ktor\u00fdch si aspo\u0148 vizu\u00e1lne vychutn\u00e1me slnko, piesok &#8230; <a title=\"Cestovanie o piatej &#8211; Letn\u00e9 potulky po Slovensku\" class=\"read-more\" href=\"https:\/\/www.krajskakniznicazilina.sk\/index.php\/2025\/06\/10\/cestovanie-o-piatej-letne-potulky-po-slovensku\/\" aria-label=\"Pre\u010d\u00edtajte si viac o Cestovanie o piatej &#8211; Letn\u00e9 potulky po Slovensku\">\u010c\u00edta\u0165 viac<\/a><\/p>\n","protected":false},"author":1,"featured_media":0,"comment_status":"open","ping_status":"open","sticky":false,"template":"","format":"image","meta":{"footnotes":""},"categories":[1],"tags":[],"class_list":["post-15219","post","type-post","status-publish","format-image","hentry","category-oznam","post_format-post-format-image"],"_links":{"self":[{"href":"https:\/\/www.krajskakniznicazilina.sk\/index.php\/wp-json\/wp\/v2\/posts\/15219","targetHints":{"allow":["GET"]}}],"collection":[{"href":"https:\/\/www.krajskakniznicazilina.sk\/index.php\/wp-json\/wp\/v2\/posts"}],"about":[{"href":"https:\/\/www.krajskakniznicazilina.sk\/index.php\/wp-json\/wp\/v2\/types\/post"}],"author":[{"embeddable":true,"href":"https:\/\/www.krajskakniznicazilina.sk\/index.php\/wp-json\/wp\/v2\/users\/1"}],"replies":[{"embeddable":true,"href":"https:\/\/www.krajskakniznicazilina.sk\/index.php\/wp-json\/wp\/v2\/comments?post=15219"}],"version-history":[{"count":1,"href":"https:\/\/www.krajskakniznicazilina.sk\/index.php\/wp-json\/wp\/v2\/posts\/15219\/revisions"}],"predecessor-version":[{"id":15220,"href":"https:\/\/www.krajskakniznicazilina.sk\/index.php\/wp-json\/wp\/v2\/posts\/15219\/revisions\/15220"}],"wp:attachment":[{"href":"https:\/\/www.krajskakniznicazilina.sk\/index.php\/wp-json\/wp\/v2\/media?parent=15219"}],"wp:term":[{"taxonomy":"category","embeddable":true,"href":"https:\/\/www.krajskakniznicazilina.sk\/index.php\/wp-json\/wp\/v2\/categories?post=15219"},{"taxonomy":"post_tag","embeddable":true,"href":"https:\/\/www.krajskakniznicazilina.sk\/index.php\/wp-json\/wp\/v2\/tags?post=15219"}],"curies":[{"name":"wp","href":"https:\/\/api.w.org\/{rel}","templated":true}]}}