{"id":15221,"date":"2025-06-04T07:02:40","date_gmt":"2025-06-04T05:02:40","guid":{"rendered":"https:\/\/www.krajskakniznicazilina.sk\/?p=15221"},"modified":"2025-06-03T13:42:10","modified_gmt":"2025-06-03T11:42:10","slug":"slnko-v-dusi-vystava","status":"publish","type":"post","link":"https:\/\/www.krajskakniznicazilina.sk\/index.php\/2025\/06\/04\/slnko-v-dusi-vystava\/","title":{"rendered":"Slnko v du\u0161i &#8211; v\u00fdstava"},"content":{"rendered":"<p style=\"text-align: justify;\" data-start=\"83\" data-end=\"291\"><a href=\"https:\/\/www.krajskakniznicazilina.sk\/clanky\/2025\/06\/Slnko_v_dusi25.jpg\"><img decoding=\"async\" class=\"size-medium alignright\" src=\"https:\/\/www.krajskakniznicazilina.sk\/clanky\/2025\/06\/Slnko_v_dusi25.jpg\" alt=\"plag\u00e1t\" width=\"35%\" height=\"35%\" \/><\/a>Region\u00e1lny \u00farad \u0161kolskej spr\u00e1vy v \u017diline v\u00e1s srde\u010dne poz\u00fdva na sl\u00e1vnostn\u00e9 otvorenie v\u00fdstavy <strong data-start=\"150\" data-end=\"195\">Slnko v du\u0161i<\/strong>, ktor\u00e9 sa uskuto\u010dn\u00ed v <strong data-start=\"218\" data-end=\"245\">utorok 17. j\u00fana o 11:00<\/strong> v priestoroch Krajskej kni\u017enice v \u017diline.<\/p>\n<p style=\"text-align: justify;\" data-start=\"293\" data-end=\"663\">V\u00fdstava predstavuje tvorbu \u017eiakov \u0161peci\u00e1lnych \u0161k\u00f4l a \u0161kolsk\u00fdch zariaden\u00ed zo \u017dilinsk\u00e9ho kraja. N\u00e1v\u0161tevn\u00edci sa m\u00f4\u017eu te\u0161i\u0165 na origin\u00e1lne diela z r\u00f4znych, \u010dasto recyklovan\u00fdch materi\u00e1lov. V\u00fdtvory vznikli s ve\u013ekou d\u00e1vkou fant\u00e1zie, zru\u010dnosti a tvorivej odvahy. Ide o mal\u00e9 umeleck\u00e9 diela, ktor\u00e9 \u010dasto prekvapia vysokou estetickou \u00farov\u0148ou a dok\u00e1\u017eu zauja\u0165 aj n\u00e1ro\u010dnej\u0161ieho div\u00e1ka.<\/p>\n<p style=\"text-align: justify;\" data-start=\"665\" data-end=\"1052\"><strong data-start=\"665\" data-end=\"681\">Slnko v du\u0161i<\/strong> nie je len v\u00fdstava, ale aj dlhoro\u010dn\u00e1 trad\u00edcia. Prv\u00fdkr\u00e1t sa konala u\u017e v roku 1997 a odvtedy pravidelne prin\u00e1\u0161a verejnosti poh\u013ead na svet det\u00ed a \u017eiakov so \u0161peci\u00e1lnymi v\u00fdchovno-vzdel\u00e1vac\u00edmi potrebami. V\u0161etky jej ro\u010dn\u00edky pripravuj\u00fa \u0161peci\u00e1lne \u0161koly a \u0161kolsk\u00e9 zariadenia zo \u017dilinsk\u00e9ho kraja, pod z\u00e1\u0161titou svojho zria\u010fovate\u013ea \u2013 v s\u00fa\u010dasnosti Region\u00e1lneho \u00faradu \u0161kolskej spr\u00e1vy v \u017diline. V\u00fdstavu si m\u00f4\u017eete pozrie\u0165 v Krajskej kni\u017enici v \u017diline a\u017e do <strong data-start=\"1115\" data-end=\"1130\">28. augusta<\/strong>.<\/p>\n","protected":false},"excerpt":{"rendered":"<p>Region\u00e1lny \u00farad \u0161kolskej spr\u00e1vy v \u017diline v\u00e1s srde\u010dne poz\u00fdva na sl\u00e1vnostn\u00e9 otvorenie v\u00fdstavy Slnko v du\u0161i, ktor\u00e9 sa uskuto\u010dn\u00ed v utorok 17. j\u00fana o 11:00 v priestoroch Krajskej kni\u017enice v \u017diline. V\u00fdstava predstavuje tvorbu \u017eiakov \u0161peci\u00e1lnych \u0161k\u00f4l a \u0161kolsk\u00fdch zariaden\u00ed zo \u017dilinsk\u00e9ho kraja. N\u00e1v\u0161tevn\u00edci sa m\u00f4\u017eu te\u0161i\u0165 na origin\u00e1lne diela z r\u00f4znych, \u010dasto recyklovan\u00fdch materi\u00e1lov. &#8230; <a title=\"Slnko v du\u0161i &#8211; v\u00fdstava\" class=\"read-more\" href=\"https:\/\/www.krajskakniznicazilina.sk\/index.php\/2025\/06\/04\/slnko-v-dusi-vystava\/\" aria-label=\"Pre\u010d\u00edtajte si viac o Slnko v du\u0161i &#8211; v\u00fdstava\">\u010c\u00edta\u0165 viac<\/a><\/p>\n","protected":false},"author":1,"featured_media":0,"comment_status":"open","ping_status":"open","sticky":false,"template":"","format":"image","meta":{"footnotes":""},"categories":[28,15],"tags":[],"class_list":["post-15221","post","type-post","status-publish","format-image","hentry","category-vernisaz","category-vystava","post_format-post-format-image"],"_links":{"self":[{"href":"https:\/\/www.krajskakniznicazilina.sk\/index.php\/wp-json\/wp\/v2\/posts\/15221","targetHints":{"allow":["GET"]}}],"collection":[{"href":"https:\/\/www.krajskakniznicazilina.sk\/index.php\/wp-json\/wp\/v2\/posts"}],"about":[{"href":"https:\/\/www.krajskakniznicazilina.sk\/index.php\/wp-json\/wp\/v2\/types\/post"}],"author":[{"embeddable":true,"href":"https:\/\/www.krajskakniznicazilina.sk\/index.php\/wp-json\/wp\/v2\/users\/1"}],"replies":[{"embeddable":true,"href":"https:\/\/www.krajskakniznicazilina.sk\/index.php\/wp-json\/wp\/v2\/comments?post=15221"}],"version-history":[{"count":3,"href":"https:\/\/www.krajskakniznicazilina.sk\/index.php\/wp-json\/wp\/v2\/posts\/15221\/revisions"}],"predecessor-version":[{"id":15259,"href":"https:\/\/www.krajskakniznicazilina.sk\/index.php\/wp-json\/wp\/v2\/posts\/15221\/revisions\/15259"}],"wp:attachment":[{"href":"https:\/\/www.krajskakniznicazilina.sk\/index.php\/wp-json\/wp\/v2\/media?parent=15221"}],"wp:term":[{"taxonomy":"category","embeddable":true,"href":"https:\/\/www.krajskakniznicazilina.sk\/index.php\/wp-json\/wp\/v2\/categories?post=15221"},{"taxonomy":"post_tag","embeddable":true,"href":"https:\/\/www.krajskakniznicazilina.sk\/index.php\/wp-json\/wp\/v2\/tags?post=15221"}],"curies":[{"name":"wp","href":"https:\/\/api.w.org\/{rel}","templated":true}]}}