{"id":15229,"date":"2025-06-30T07:03:06","date_gmt":"2025-06-30T05:03:06","guid":{"rendered":"https:\/\/www.krajskakniznicazilina.sk\/?p=15229"},"modified":"2025-06-09T12:52:41","modified_gmt":"2025-06-09T10:52:41","slug":"klub-u-knihulky-nas-kamarat-boribon","status":"publish","type":"post","link":"https:\/\/www.krajskakniznicazilina.sk\/index.php\/2025\/06\/30\/klub-u-knihulky-nas-kamarat-boribon\/","title":{"rendered":"Klub u Knihu\u013eky &#8211; N\u00e1\u0161 kamar\u00e1t Boribon"},"content":{"rendered":"<p style=\"text-align: justify;\"><a href=\"https:\/\/www.krajskakniznicazilina.sk\/clanky\/2025\/07\/klub%20u%20knihulky%207.jpg\"><img decoding=\"async\" class=\"alignright size-medium\" src=\"https:\/\/www.krajskakniznicazilina.sk\/clanky\/2025\/07\/klub%20u%20knihulky%207.jpg\" alt=\"plag\u00e1t\" width=\"40%\" height=\"40%\" \/><\/a><\/p>\n<p style=\"text-align: justify;\">Klub u Knihu\u013eky nezah\u00e1\u013ea ani po\u010das letn\u00fdch pr\u00e1zdnin. N\u00e1\u0161 rozpr\u00e1vkov\u00fd kamar\u00e1t Boribon s nami str\u00e1vi pr\u00edjemn\u00e9 doobedie v Liter\u00e1rnom parku za krajskou kni\u017enicou. Tak si deti pripravte deku, dobr\u00fa n\u00e1ladu, \u0161ikovn\u00e9 ruky a chu\u0165 tvori\u0165. Budeme si rozpr\u00e1va\u0165 o re\u017eime d\u0148a, ve\u013ea sa hra\u0165 a spozn\u00e1me tie najneoby\u010dajnej\u0161ie dom\u010deky a skr\u00fd\u0161e.<\/p>\n<p style=\"text-align: justify;\">Te\u0161\u00edme sa na v\u00e1s v utorok<strong> 15. j\u00fala o 10:30<\/strong> v Krajskej kni\u017enici v \u017diline. Podujatie je ur\u010den\u00e9 pre deti od 2 do 4 rokov v sprievode dospelej osoby. Podmienkou je platn\u00fd \u010ditate\u013esk\u00fd preukaz. Na podujatie je potrebn\u00e9 sa vopred <strong>prihl\u00e1si\u0165<\/strong>:<strong> <a href=\"https:\/\/forms.gle\/smsxujMZmK2ivBjm6\">https:\/\/forms.gle\/smsxujMZmK2ivBjm6<\/a><\/strong><\/p>\n<p style=\"text-align: justify;\">Podujatie je organizovan\u00e9 v r\u00e1mci projektu Pr\u00e1zdninov\u00fd denn\u00edk z kni\u017enice. PROJEKT JE SPOLUFINANCOVAN\u00dd MESTOM \u017dILINA.<\/p>\n","protected":false},"excerpt":{"rendered":"<p>Klub u Knihu\u013eky nezah\u00e1\u013ea ani po\u010das letn\u00fdch pr\u00e1zdnin. N\u00e1\u0161 rozpr\u00e1vkov\u00fd kamar\u00e1t Boribon s nami str\u00e1vi pr\u00edjemn\u00e9 doobedie v Liter\u00e1rnom parku za krajskou kni\u017enicou. Tak si deti pripravte deku, dobr\u00fa n\u00e1ladu, \u0161ikovn\u00e9 ruky a chu\u0165 tvori\u0165. Budeme si rozpr\u00e1va\u0165 o re\u017eime d\u0148a, ve\u013ea sa hra\u0165 a spozn\u00e1me tie najneoby\u010dajnej\u0161ie dom\u010deky a skr\u00fd\u0161e. Te\u0161\u00edme sa na v\u00e1s &#8230; <a title=\"Klub u Knihu\u013eky &#8211; N\u00e1\u0161 kamar\u00e1t Boribon\" class=\"read-more\" href=\"https:\/\/www.krajskakniznicazilina.sk\/index.php\/2025\/06\/30\/klub-u-knihulky-nas-kamarat-boribon\/\" aria-label=\"Pre\u010d\u00edtajte si viac o Klub u Knihu\u013eky &#8211; N\u00e1\u0161 kamar\u00e1t Boribon\">\u010c\u00edta\u0165 viac<\/a><\/p>\n","protected":false},"author":1,"featured_media":0,"comment_status":"open","ping_status":"open","sticky":false,"template":"","format":"image","meta":{"footnotes":""},"categories":[23,35,12,73],"tags":[],"class_list":["post-15229","post","type-post","status-publish","format-image","hentry","category-klub","category-knihulka","category-podujatie","category-pre-deti","post_format-post-format-image"],"_links":{"self":[{"href":"https:\/\/www.krajskakniznicazilina.sk\/index.php\/wp-json\/wp\/v2\/posts\/15229","targetHints":{"allow":["GET"]}}],"collection":[{"href":"https:\/\/www.krajskakniznicazilina.sk\/index.php\/wp-json\/wp\/v2\/posts"}],"about":[{"href":"https:\/\/www.krajskakniznicazilina.sk\/index.php\/wp-json\/wp\/v2\/types\/post"}],"author":[{"embeddable":true,"href":"https:\/\/www.krajskakniznicazilina.sk\/index.php\/wp-json\/wp\/v2\/users\/1"}],"replies":[{"embeddable":true,"href":"https:\/\/www.krajskakniznicazilina.sk\/index.php\/wp-json\/wp\/v2\/comments?post=15229"}],"version-history":[{"count":5,"href":"https:\/\/www.krajskakniznicazilina.sk\/index.php\/wp-json\/wp\/v2\/posts\/15229\/revisions"}],"predecessor-version":[{"id":15281,"href":"https:\/\/www.krajskakniznicazilina.sk\/index.php\/wp-json\/wp\/v2\/posts\/15229\/revisions\/15281"}],"wp:attachment":[{"href":"https:\/\/www.krajskakniznicazilina.sk\/index.php\/wp-json\/wp\/v2\/media?parent=15229"}],"wp:term":[{"taxonomy":"category","embeddable":true,"href":"https:\/\/www.krajskakniznicazilina.sk\/index.php\/wp-json\/wp\/v2\/categories?post=15229"},{"taxonomy":"post_tag","embeddable":true,"href":"https:\/\/www.krajskakniznicazilina.sk\/index.php\/wp-json\/wp\/v2\/tags?post=15229"}],"curies":[{"name":"wp","href":"https:\/\/api.w.org\/{rel}","templated":true}]}}