{"id":15231,"date":"2025-08-04T07:04:24","date_gmt":"2025-08-04T05:04:24","guid":{"rendered":"https:\/\/www.krajskakniznicazilina.sk\/?p=15231"},"modified":"2025-06-09T12:54:47","modified_gmt":"2025-06-09T10:54:47","slug":"klub-u-knihulky-s-usmevom-do-skolky","status":"publish","type":"post","link":"https:\/\/www.krajskakniznicazilina.sk\/index.php\/2025\/08\/04\/klub-u-knihulky-s-usmevom-do-skolky\/","title":{"rendered":"Klub u Knihu\u013eky &#8211; S \u00fasmevom do \u0161k\u00f4lky"},"content":{"rendered":"<p style=\"text-align: justify;\"><a href=\"https:\/\/www.krajskakniznicazilina.sk\/clanky\/2025\/08\/klub%20u%20knihulky%208.jpg\"><img decoding=\"async\" class=\"alignright size-medium\" src=\"https:\/\/www.krajskakniznicazilina.sk\/clanky\/2025\/08\/klub%20u%20knihulky%208.jpg\" alt=\"plag\u00e1t\" width=\"40%\" height=\"40%\" \/><\/a>\u0160k\u00f4lka nie je \u017eiaden stra\u0161iak, v\u0161ak deti? My dospel\u00ed v\u00e1m ju m\u00f4\u017eeme len z\u00e1vidie\u0165! <span style=\"text-align: justify;\">V \u0161k\u00f4lke spozn\u00e1te \u00a0nov\u00fdch kamar\u00e1tov, nov\u00e9 hra\u010dky, mil\u00e9 pani u\u010dite\u013eky, sp\u00e1nok cez obed a ve\u013ea pekn\u00fdch z\u00e1\u017eitkov.<\/span> <span style=\"text-align: justify;\">Klub u Knihu\u013eky bude tentokr\u00e1t pre t\u00fdch, ktor\u00fdch n\u00e1stup do \u0161k\u00f4lky v najbli\u017e\u0161om obdob\u00ed \u010dak\u00e1. Porad\u00edme v\u00e1m, \u010do si zbali\u0165 na prv\u00fd de\u0148 do ruksaku, \u010do od \u0161k\u00f4lky o\u010dak\u00e1va\u0165 a ako to tam bude asi vyzera\u0165. S\u013eubujeme v\u00e1m, \u017ee to bude ve\u013ek\u00e1 z\u00e1bava!<\/span><\/p>\n<p style=\"text-align: justify;\">Te\u0161\u00edme sa na v\u00e1s v utorok <strong>19. augusta o 10:30<\/strong> v Krajskej kni\u017enici v \u017diline, v pr\u00edpade priazniv\u00e9ho po\u010dasia budeme v Liter\u00e1rnom parku. Podujatie je ur\u010den\u00e9 pre deti od 2 do 4 rokov v sprievode dospelej osoby. Podmienkou je platn\u00fd \u010ditate\u013esk\u00fd preukaz. Na podujatie je potrebn\u00e9 sa vopred <strong>prihl\u00e1si\u0165:\u00a0<a href=\"https:\/\/forms.gle\/eu92GWg9ruh1Uf1v7\">https:\/\/forms.gle\/eu92GWg9ruh1Uf1v7<\/a><\/strong><\/p>\n<p style=\"text-align: justify;\">Podujatie je organizovan\u00e9 v r\u00e1mci projektu Pr\u00e1zdninov\u00fd denn\u00edk z kni\u017enice. PROJEKT JE SPOLUFINANCOVAN\u00dd MESTOM \u017dILINA.<\/p>\n","protected":false},"excerpt":{"rendered":"<p>\u0160k\u00f4lka nie je \u017eiaden stra\u0161iak, v\u0161ak deti? My dospel\u00ed v\u00e1m ju m\u00f4\u017eeme len z\u00e1vidie\u0165! V \u0161k\u00f4lke spozn\u00e1te \u00a0nov\u00fdch kamar\u00e1tov, nov\u00e9 hra\u010dky, mil\u00e9 pani u\u010dite\u013eky, sp\u00e1nok cez obed a ve\u013ea pekn\u00fdch z\u00e1\u017eitkov. Klub u Knihu\u013eky bude tentokr\u00e1t pre t\u00fdch, ktor\u00fdch n\u00e1stup do \u0161k\u00f4lky v najbli\u017e\u0161om obdob\u00ed \u010dak\u00e1. Porad\u00edme v\u00e1m, \u010do si zbali\u0165 na prv\u00fd de\u0148 do &#8230; <a title=\"Klub u Knihu\u013eky &#8211; S \u00fasmevom do \u0161k\u00f4lky\" class=\"read-more\" href=\"https:\/\/www.krajskakniznicazilina.sk\/index.php\/2025\/08\/04\/klub-u-knihulky-s-usmevom-do-skolky\/\" aria-label=\"Pre\u010d\u00edtajte si viac o Klub u Knihu\u013eky &#8211; S \u00fasmevom do \u0161k\u00f4lky\">\u010c\u00edta\u0165 viac<\/a><\/p>\n","protected":false},"author":1,"featured_media":0,"comment_status":"open","ping_status":"open","sticky":false,"template":"","format":"image","meta":{"footnotes":""},"categories":[23,35,12,73],"tags":[],"class_list":["post-15231","post","type-post","status-publish","format-image","hentry","category-klub","category-knihulka","category-podujatie","category-pre-deti","post_format-post-format-image"],"_links":{"self":[{"href":"https:\/\/www.krajskakniznicazilina.sk\/index.php\/wp-json\/wp\/v2\/posts\/15231","targetHints":{"allow":["GET"]}}],"collection":[{"href":"https:\/\/www.krajskakniznicazilina.sk\/index.php\/wp-json\/wp\/v2\/posts"}],"about":[{"href":"https:\/\/www.krajskakniznicazilina.sk\/index.php\/wp-json\/wp\/v2\/types\/post"}],"author":[{"embeddable":true,"href":"https:\/\/www.krajskakniznicazilina.sk\/index.php\/wp-json\/wp\/v2\/users\/1"}],"replies":[{"embeddable":true,"href":"https:\/\/www.krajskakniznicazilina.sk\/index.php\/wp-json\/wp\/v2\/comments?post=15231"}],"version-history":[{"count":4,"href":"https:\/\/www.krajskakniznicazilina.sk\/index.php\/wp-json\/wp\/v2\/posts\/15231\/revisions"}],"predecessor-version":[{"id":15283,"href":"https:\/\/www.krajskakniznicazilina.sk\/index.php\/wp-json\/wp\/v2\/posts\/15231\/revisions\/15283"}],"wp:attachment":[{"href":"https:\/\/www.krajskakniznicazilina.sk\/index.php\/wp-json\/wp\/v2\/media?parent=15231"}],"wp:term":[{"taxonomy":"category","embeddable":true,"href":"https:\/\/www.krajskakniznicazilina.sk\/index.php\/wp-json\/wp\/v2\/categories?post=15231"},{"taxonomy":"post_tag","embeddable":true,"href":"https:\/\/www.krajskakniznicazilina.sk\/index.php\/wp-json\/wp\/v2\/tags?post=15231"}],"curies":[{"name":"wp","href":"https:\/\/api.w.org\/{rel}","templated":true}]}}