{"id":15251,"date":"2025-06-09T07:06:23","date_gmt":"2025-06-09T05:06:23","guid":{"rendered":"https:\/\/www.krajskakniznicazilina.sk\/?p=15251"},"modified":"2025-06-13T08:04:09","modified_gmt":"2025-06-13T06:04:09","slug":"koucing-pre-lidrov-a-profesionalov","status":"publish","type":"post","link":"https:\/\/www.krajskakniznicazilina.sk\/index.php\/2025\/06\/09\/koucing-pre-lidrov-a-profesionalov\/","title":{"rendered":"Kou\u010ding pre l\u00eddrov a profesion\u00e1lov"},"content":{"rendered":"<p style=\"text-align: justify;\"><a href=\"https:\/\/www.krajskakniznicazilina.sk\/clanky\/2025\/06\/kou%C4%8Ding.jpg\"><img decoding=\"async\" class=\"size-medium alignleft\" src=\"https:\/\/www.krajskakniznicazilina.sk\/clanky\/2025\/06\/kou%C4%8Ding.jpg\" alt=\"plag\u00e1t\" width=\"40%\" height=\"40%\" \/><\/a>Objavte, ako kou\u010dovac\u00ed pr\u00edstup zvy\u0161uje zisk, posil\u0148uje v\u00e1\u0161 t\u00edm a \u0161etr\u00ed \u010das. Pr\u00ed\u010fte na interakt\u00edvny <strong>workshop<\/strong>, za\u017eite kou\u010ding na\u017eivo a z\u00edskajte konkuren\u010dn\u00fd n\u00e1skok. Mana\u017e\u00e9ri, l\u00eddri, obchodn\u00edci, inov\u00e1tori, ste srde\u010dne v\u00edtan\u00ed v stredu<strong> 25. j\u00fana o 15:00<\/strong> v Krajskej kni\u017enici v \u017diline. Semin\u00e1r bude vies\u0165 profesion\u00e1lny certifikovan\u00fd kou\u010d <strong>Mgr. Peter Seemann, PhD., PCC<\/strong>. Na workshop je potrebn\u00e9 sa vopred prihl\u00e1si\u0165,\u00a0 vyplnen\u00edm formul\u00e1ra: <strong><a href=\"https:\/\/lnk.sk\/nqwhl\">https:\/\/lnk.sk\/nqwhl<\/a><\/strong><\/p>\n<p style=\"text-align: justify;\">Z \u00fa\u010dastn\u00edkov budeme losova\u0165 v\u00fdhercu bezplatn\u00e9ho sedenia. Te\u0161\u00edme sa na v\u00e1s.<\/p>\n<p style=\"text-align: justify;\">Vysoko interakt\u00edvny \u00favodn\u00fd workshop je ur\u010den\u00fd pre mana\u017e\u00e9rov, konate\u013eov, mana\u017e\u00e9rov \u013eudsk\u00fdch zdrojov, ved\u00facich oddelen\u00ed, projektov\u00fdch mana\u017e\u00e9rov, SCRUM-mastrov, obchodn\u00edkov, n\u00e1kupcov, predajcov, u\u010dite\u013eov, zdravotn\u00edkov, pracovn\u00edkov verejnej spr\u00e1vy a v\u0161etk\u00fdch, kto pri pr\u00e1ci komunikuj\u00fa s \u013eu\u010fmi a (ne)veria v potenci\u00e1l seba a svojich \u013eud\u00ed.<\/p>\n<p style=\"text-align: justify;\">Cie\u013eom je predstavi\u0165 modern\u00fd \u0161t\u00fdl riadenia zalo\u017een\u00fd na kou\u010dovacom pr\u00edstupe, uk\u00e1za\u0165 ako kou\u010ding funguje, nau\u010di\u0165 z\u00e1kladn\u00e9 princ\u00edpy kou\u010dovania, predvies\u0165 kou\u010dovanie na\u017eivo.<\/p>\n<p style=\"text-align: justify;\"><strong>Program<\/strong>:<\/p>\n<ul style=\"text-align: justify;\">\n<li>\u010co je a nie je kou\u010ding<\/li>\n<li>Profesion\u00e1lny kou\u010ding a kou\u010dovac\u00ed \u0161t\u00fdl riadenia<\/li>\n<li>Kou\u010dovac\u00ed postoj modern\u00e9ho l\u00eddra<\/li>\n<li>Z\u00e1kladn\u00e9 n\u00e1stroje : postoj -techniky- kompetencie<\/li>\n<li>Kou\u010dovac\u00ed rozhovor na\u017eivo<\/li>\n<li>Uplatnenie kou\u010dovacieho pr\u00edstupu v komunik\u00e1cii a riaden\u00ed<\/li>\n<\/ul>\n<p><!--more--><\/p>\n<p style=\"text-align: justify;\">\u010co sa nau\u010dili predch\u00e1dzaj\u00faci \u00fa\u010dastn\u00edci:<\/p>\n<ul>\n<li style=\"text-align: justify;\">Ako akt\u00edvne po\u010d\u00fava\u0165<\/li>\n<li style=\"text-align: justify;\">Stanovi\u0165 si re\u00e1lny cie\u013e<\/li>\n<li style=\"text-align: justify;\">Kl\u00e1s\u0165 otvoren\u00e9 ot\u00e1zky<\/li>\n<li style=\"text-align: justify;\">Budem pou\u017e\u00edva\u0165 \u201e\u010do e\u0161te?\u201c<\/li>\n<li style=\"text-align: justify;\">Nau\u010dila som sa akt\u00edvne po\u010d\u00fava\u0165, spr\u00e1vne vies\u0165 podriaden\u00fdch pri rozhodovan\u00ed<\/li>\n<li style=\"text-align: justify;\">Techniku kou\u010dovania, akt\u00edvne po\u010d\u00fava\u0165, by\u0165 touto met\u00f3dou schopn\u00fd navies\u0165 svojich podriaden\u00fdch, priate\u013eov, kolegov k cie\u013eu<\/li>\n<li style=\"text-align: justify;\">Kou\u010dovanie je \u00fa\u017easn\u00e1 vec, mus\u00edm sa posna\u017ei\u0165 vyu\u017ei\u0165 ho vo vz\u0165ahu k podriaden\u00fdm<\/li>\n<li style=\"text-align: justify;\">Nau\u010dila som sa akt\u00edvne po\u010d\u00fava\u0165, budem pou\u017e\u00edva\u0165 otvoren\u00e9 kou\u010dovacie ot\u00e1zky pri rozhovore<\/li>\n<li style=\"text-align: justify;\">Nov\u00e9 poznatky, viac po\u010d\u00fava\u0165, menej radi\u0165<\/li>\n<\/ul>\n","protected":false},"excerpt":{"rendered":"<p>Objavte, ako kou\u010dovac\u00ed pr\u00edstup zvy\u0161uje zisk, posil\u0148uje v\u00e1\u0161 t\u00edm a \u0161etr\u00ed \u010das. Pr\u00ed\u010fte na interakt\u00edvny workshop, za\u017eite kou\u010ding na\u017eivo a z\u00edskajte konkuren\u010dn\u00fd n\u00e1skok. Mana\u017e\u00e9ri, l\u00eddri, obchodn\u00edci, inov\u00e1tori, ste srde\u010dne v\u00edtan\u00ed v stredu 25. j\u00fana o 15:00 v Krajskej kni\u017enici v \u017diline. Semin\u00e1r bude vies\u0165 profesion\u00e1lny certifikovan\u00fd kou\u010d Mgr. Peter Seemann, PhD., PCC. Na workshop je &#8230; <a title=\"Kou\u010ding pre l\u00eddrov a profesion\u00e1lov\" class=\"read-more\" href=\"https:\/\/www.krajskakniznicazilina.sk\/index.php\/2025\/06\/09\/koucing-pre-lidrov-a-profesionalov\/\" aria-label=\"Pre\u010d\u00edtajte si viac o Kou\u010ding pre l\u00eddrov a profesion\u00e1lov\">\u010c\u00edta\u0165 viac<\/a><\/p>\n","protected":false},"author":1,"featured_media":0,"comment_status":"open","ping_status":"open","sticky":false,"template":"","format":"image","meta":{"footnotes":""},"categories":[12,22,20],"tags":[],"class_list":["post-15251","post","type-post","status-publish","format-image","hentry","category-podujatie","category-prednaska","category-workshop","post_format-post-format-image"],"_links":{"self":[{"href":"https:\/\/www.krajskakniznicazilina.sk\/index.php\/wp-json\/wp\/v2\/posts\/15251","targetHints":{"allow":["GET"]}}],"collection":[{"href":"https:\/\/www.krajskakniznicazilina.sk\/index.php\/wp-json\/wp\/v2\/posts"}],"about":[{"href":"https:\/\/www.krajskakniznicazilina.sk\/index.php\/wp-json\/wp\/v2\/types\/post"}],"author":[{"embeddable":true,"href":"https:\/\/www.krajskakniznicazilina.sk\/index.php\/wp-json\/wp\/v2\/users\/1"}],"replies":[{"embeddable":true,"href":"https:\/\/www.krajskakniznicazilina.sk\/index.php\/wp-json\/wp\/v2\/comments?post=15251"}],"version-history":[{"count":8,"href":"https:\/\/www.krajskakniznicazilina.sk\/index.php\/wp-json\/wp\/v2\/posts\/15251\/revisions"}],"predecessor-version":[{"id":15319,"href":"https:\/\/www.krajskakniznicazilina.sk\/index.php\/wp-json\/wp\/v2\/posts\/15251\/revisions\/15319"}],"wp:attachment":[{"href":"https:\/\/www.krajskakniznicazilina.sk\/index.php\/wp-json\/wp\/v2\/media?parent=15251"}],"wp:term":[{"taxonomy":"category","embeddable":true,"href":"https:\/\/www.krajskakniznicazilina.sk\/index.php\/wp-json\/wp\/v2\/categories?post=15251"},{"taxonomy":"post_tag","embeddable":true,"href":"https:\/\/www.krajskakniznicazilina.sk\/index.php\/wp-json\/wp\/v2\/tags?post=15251"}],"curies":[{"name":"wp","href":"https:\/\/api.w.org\/{rel}","templated":true}]}}