{"id":15266,"date":"2025-06-11T07:02:24","date_gmt":"2025-06-11T05:02:24","guid":{"rendered":"https:\/\/www.krajskakniznicazilina.sk\/?p=15266"},"modified":"2025-06-20T07:03:36","modified_gmt":"2025-06-20T05:03:36","slug":"animuj-s-fest-ancou","status":"publish","type":"post","link":"https:\/\/www.krajskakniznicazilina.sk\/index.php\/2025\/06\/11\/animuj-s-fest-ancou\/","title":{"rendered":"Animuj s Fest An\u010dou"},"content":{"rendered":"<p style=\"text-align: justify;\"><a href=\"https:\/\/www.krajskakniznicazilina.sk\/clanky\/2025\/06\/animuj.jpg\"><img decoding=\"async\" class=\"size-medium alignleft\" src=\"https:\/\/www.krajskakniznicazilina.sk\/clanky\/2025\/06\/animuj.jpg\" alt=\"plag\u00e1t\" width=\"35%\" height=\"35%\" \/><\/a>Poz\u00fdvame v\u00e1s na program Medzin\u00e1rodn\u00e9ho Festivalu Anim\u00e1cie Fest An\u010da, ktor\u00fd oslavuje u\u017e 18. narodeniny v \u017diline a pon\u00faka de\u0165om a ml\u00e1de\u017ei vzdel\u00e1vanie o animovanom filme. Program sa uskuto\u010dn\u00ed <strong>v pondelok 30. j\u00fana o 10:30 <\/strong>hod. v Krajskej kni\u017enici v \u017diline. Premietanie najlep\u0161\u00edch animovan\u00fdch filmov pre deti a ml\u00e1de\u017e a n\u00e1sledn\u00fd workshop bude trva\u0165 cca do 2 hod\u00edn. Workshop je vhodn\u00fd pre deti od 12 rokov v sprievode rodi\u010dov.<\/p>\n<p style=\"text-align: justify;\">Po premietan\u00ed \ufb01lmov\u00fdch p\u00e1siem Kino Fest An\u010da bude prebieha\u0165 diskusia s de\u0165mi, ktor\u00e1 ich priprav\u00ed na workshop a prepoj\u00ed sledovan\u00e9 diela s ich vlastnou tvorbou. V \u00favode sa deti obozn\u00e1mia s princ\u00edpmi anim\u00e1cie, historick\u00fdm v\u00fdvojom, uk\u00e1\u017ekami profesion\u00e1lnych diel a nau\u010dia sa ako obrazom rozpr\u00e1va\u0165 pr\u00edbeh. Vysk\u00fa\u0161aj\u00fa si pr\u00e1cu s profesion\u00e1lnymi anima\u010dn\u00fdmi softv\u00e9rmi Dragonframe a Stop Motion Studio Pro a tie\u017e profesion\u00e1lnou technikou, v\u010faka \u010domu si osvoja nielen digit\u00e1lne zru\u010dnosti ale aj praktick\u00e9 schopnosti v pr\u00e1ci so softv\u00e9rom, kamerou, obrazom a osvetlen\u00edm.\u00a0V spolo\u010dn\u00fdch t\u00edmoch si deti vytvoria vlastn\u00e9 kr\u00e1tke animovan\u00e9 diela s vyu\u017eit\u00edm jednoduch\u00fdch materi\u00e1lov alebo pripraven\u00fdch postavi\u010diek. D\u00f4raz sa kladie na spolupr\u00e1cu, tvoriv\u00fd proces a budovanie digit\u00e1lnych zru\u010dnost\u00ed. Na workshop je nutn\u00e9 sa vopred <strong>prihl\u00e1si\u0165<\/strong> cez <strong>formul\u00e1r<\/strong>: <strong><a href=\"https:\/\/forms.gle\/DQFEM967bAKdbGuYA\">https:\/\/forms.gle\/DQFEM967bAKdbGuYA<\/a><\/strong><\/p>\n<p style=\"text-align: justify;\">T\u00e1to aktivita sa kon\u00e1 v r\u00e1mci programu Orange Digital Center a je bezplatny\u0301 v\u010faka podpore Nad\u00e1cie Orange.<!--more--><\/p>\n<hr \/>\n<p style=\"text-align: justify;\">Podujatie bude organizovan\u00ed aj pre \u0161kolsk\u00e9 kolekt\u00edvy<\/p>\n<p style=\"text-align: justify;\">Krajsk\u00e1 kni\u017enica v \u017diline, organiz\u00e1cia v zria\u010fovate\u013eskej p\u00f4sobnosti \u017dilinsk\u00e9ho samospr\u00e1vneho kraja,\u00a0 srde\u010dne poz\u00fdva \u017eiakov z\u00e1kladn\u00fdch \u0161k\u00f4l na program Medzin\u00e1rodn\u00e9ho Festivalu Anim\u00e1cie Fest An\u010da, ktor\u00fd oslavuje u\u017e svoje 18. narodeniny v \u017diline a pon\u00faka de\u0165om a ml\u00e1de\u017ei vzdel\u00e1vanie o animovanom filme. Program sa uskuto\u010dn\u00ed <strong>v pondelok 23. j\u00fana 2025 o\u00a08:30 a\u00a0o\u00a013:00 hod. v\u00a0Krajskej kni\u017enici v\u00a0\u017diline<\/strong>. Premietanie t\u00fdch najlep\u0161\u00edch animovan\u00fdch filmov pre deti a ml\u00e1de\u017e a n\u00e1sledn\u00fd workshop bude trva\u0165 cca 2 hodiny.<\/p>\n<p style=\"text-align: justify;\">Po premietan\u00ed \ufb01lmov\u00fdch p\u00e1siem Kino Fest An\u010da bude prebieha\u0165 diskusia so \u017eiakmi, ktor\u00e1 priprav\u00ed \u017eiakov na workshop a prepoj\u00ed sledovan\u00e9 diela s ich vlastnou tvorbou. V \u00favode sa \u017eiaci obozn\u00e1mia s princ\u00edpmi anim\u00e1cie, historick\u00fdm v\u00fdvojom, uk\u00e1\u017ekami profesion\u00e1lnych diel a nau\u010dia sa ako obrazom rozpr\u00e1va\u0165 pr\u00edbeh. Vysk\u00fa\u0161aj\u00fa si pr\u00e1cu s profesion\u00e1lnymi anima\u010dn\u00fdmi softv\u00e9rmi Dragonframe a Stop Motion Studio Pro a tie\u017e profesion\u00e1lnou technikou, v\u010faka \u010domu si osvoja nielen digit\u00e1lne zru\u010dnosti ale aj praktick\u00e9 schopnosti v pr\u00e1ci so softv\u00e9rom, kamerou, obrazom a osvetlen\u00edm. V spolo\u010dn\u00fdch t\u00edmoch si \u017eiaci vytvoria vlastn\u00e9 kr\u00e1tke animovan\u00e9 diela s vyu\u017eit\u00edm jednoduch\u00fdch materi\u00e1lov alebo pripraven\u00fdch postavi\u010diek. D\u00f4raz sa kladie na spolupr\u00e1cu, tvoriv\u00fd proces a budovanie digit\u00e1lnych zru\u010dnost\u00ed. Podujatie je vhodn\u00e9 pre \u017eiakov vo veku od 12 rokov (6. a\u017e 9. ro\u010dn\u00edk Z\u0160 a S\u0160) a z kapacitn\u00fdch d\u00f4vodov je potrebn\u00e9 vopred sa prihl\u00e1si\u0165 cez email: <a href=\"mailto:neslusanova@krajskakniznicazilina.sk\">neslusanova@krajskakniznicazilina.sk<\/a>, alebo telefonicky: 0908\/946 421.<\/p>\n","protected":false},"excerpt":{"rendered":"<p>Poz\u00fdvame v\u00e1s na program Medzin\u00e1rodn\u00e9ho Festivalu Anim\u00e1cie Fest An\u010da, ktor\u00fd oslavuje u\u017e 18. narodeniny v \u017diline a pon\u00faka de\u0165om a ml\u00e1de\u017ei vzdel\u00e1vanie o animovanom filme. Program sa uskuto\u010dn\u00ed v pondelok 30. j\u00fana o 10:30 hod. v Krajskej kni\u017enici v \u017diline. Premietanie najlep\u0161\u00edch animovan\u00fdch filmov pre deti a ml\u00e1de\u017e a n\u00e1sledn\u00fd workshop bude trva\u0165 cca do &#8230; <a title=\"Animuj s Fest An\u010dou\" class=\"read-more\" href=\"https:\/\/www.krajskakniznicazilina.sk\/index.php\/2025\/06\/11\/animuj-s-fest-ancou\/\" aria-label=\"Pre\u010d\u00edtajte si viac o Animuj s Fest An\u010dou\">\u010c\u00edta\u0165 viac<\/a><\/p>\n","protected":false},"author":1,"featured_media":0,"comment_status":"open","ping_status":"open","sticky":false,"template":"","format":"image","meta":{"footnotes":""},"categories":[12,20],"tags":[],"class_list":["post-15266","post","type-post","status-publish","format-image","hentry","category-podujatie","category-workshop","post_format-post-format-image"],"_links":{"self":[{"href":"https:\/\/www.krajskakniznicazilina.sk\/index.php\/wp-json\/wp\/v2\/posts\/15266","targetHints":{"allow":["GET"]}}],"collection":[{"href":"https:\/\/www.krajskakniznicazilina.sk\/index.php\/wp-json\/wp\/v2\/posts"}],"about":[{"href":"https:\/\/www.krajskakniznicazilina.sk\/index.php\/wp-json\/wp\/v2\/types\/post"}],"author":[{"embeddable":true,"href":"https:\/\/www.krajskakniznicazilina.sk\/index.php\/wp-json\/wp\/v2\/users\/1"}],"replies":[{"embeddable":true,"href":"https:\/\/www.krajskakniznicazilina.sk\/index.php\/wp-json\/wp\/v2\/comments?post=15266"}],"version-history":[{"count":6,"href":"https:\/\/www.krajskakniznicazilina.sk\/index.php\/wp-json\/wp\/v2\/posts\/15266\/revisions"}],"predecessor-version":[{"id":15398,"href":"https:\/\/www.krajskakniznicazilina.sk\/index.php\/wp-json\/wp\/v2\/posts\/15266\/revisions\/15398"}],"wp:attachment":[{"href":"https:\/\/www.krajskakniznicazilina.sk\/index.php\/wp-json\/wp\/v2\/media?parent=15266"}],"wp:term":[{"taxonomy":"category","embeddable":true,"href":"https:\/\/www.krajskakniznicazilina.sk\/index.php\/wp-json\/wp\/v2\/categories?post=15266"},{"taxonomy":"post_tag","embeddable":true,"href":"https:\/\/www.krajskakniznicazilina.sk\/index.php\/wp-json\/wp\/v2\/tags?post=15266"}],"curies":[{"name":"wp","href":"https:\/\/api.w.org\/{rel}","templated":true}]}}