{"id":15274,"date":"2025-06-16T07:02:48","date_gmt":"2025-06-16T05:02:48","guid":{"rendered":"https:\/\/www.krajskakniznicazilina.sk\/?p=15274"},"modified":"2025-06-10T13:01:22","modified_gmt":"2025-06-10T11:01:22","slug":"prazdninovy-dennik-z-kniznice-jul-4","status":"publish","type":"post","link":"https:\/\/www.krajskakniznicazilina.sk\/index.php\/2025\/06\/16\/prazdninovy-dennik-z-kniznice-jul-4\/","title":{"rendered":"Pr\u00e1zdninov\u00fd denn\u00edk z kni\u017enice \u2013 j\u00fal"},"content":{"rendered":"<p style=\"text-align: justify;\"><strong><a href=\"https:\/\/www.krajskakniznicazilina.sk\/clanky\/2025\/07\/pr%C3%A1zd%20denn%C3%ADk%201.jpg\"><img decoding=\"async\" class=\"alignright size-medium\" src=\"https:\/\/www.krajskakniznicazilina.sk\/clanky\/2025\/07\/pr%C3%A1zd%20denn%C3%ADk%201.jpg\" alt=\"plag\u00e1t\" width=\"40%\" height=\"40%\" \/><\/a>Po\u010fme spolu batikova\u0165<\/strong><br \/>\nRecykluj\u00a0svoje star\u00e9 oble\u010denie a umelecky sa vyjadri! Spolo\u010dne si vysk\u00fa\u0161ame r\u00f4zne techniky batikovania, nau\u010d\u00edme sa citlivo pou\u017e\u00edva\u0165 farby a zachr\u00e1nime tvoje star\u00e9 k\u00fasky oble\u010denia. Vyjadrite v\u00e1\u0161 \u0161t\u00fdl obliekania a str\u00e1vte kreat\u00edvny de\u0148 v Krajskej kni\u017enici v \u017diline \u00a0v utorok <strong>1. j\u00fala od 10:30<\/strong>. Podujatie je vhodn\u00e9 pre deti od<strong> 9 do 12 rokov<\/strong> v sprievode rodi\u010dov alebo star\u00fdch rodi\u010dov. <strong>Je potrebn\u00e9 sa vopred prihl\u00e1si\u0165<\/strong>: <strong><a href=\"https:\/\/forms.gle\/5meijWxVctcTFTBY6\">https:\/\/forms.gle\/5meijWxVctcTFTBY6<\/a><\/strong><\/p>\n<p style=\"text-align: justify;\"><strong>Pir\u00e1tske lode z korku<\/strong><br \/>\nSpolo\u010dne si vyrob\u00edme origin\u00e1lne pir\u00e1tske lode a pir\u00e1tov z korku. Budeme majstrova\u0165, lepi\u0165, zdobi\u0165 a testova\u0165 ich\u00a0v\u00a0na\u0161ej pir\u00e1tskej z\u00e1toke.\u00a0Po\u010fte s nami do sveta pir\u00e1tov, kde sa ka\u017ed\u00fd m\u00f4\u017ee sta\u0165 kapit\u00e1nom svojej vlastnej lode! \u010cakaj\u00fa v\u00e1s z\u00e1bavn\u00e9 chv\u00edle, tvoriv\u00e9 experimentovanie a mo\u017enos\u0165 rozv\u00edja\u0165 manu\u00e1lne zru\u010dnosti aj predstavivos\u0165. Te\u0161\u00edme sa na v\u00e1s <strong>vo \u0161tvrtok 3. j\u00fala o\u00a010:30<\/strong> v Krajskej kni\u017enici v \u017diline.\u00a0Podujatie je vhodn\u00e9 pre deti <strong>od 8 do 11 rokov<\/strong> v sprievode rodi\u010dov alebo star\u00fdch rodi\u010dov. <strong>Je potrebn\u00e9 sa vopred prihl\u00e1si\u0165<\/strong>:<strong> <a href=\"https:\/\/forms.gle\/Vz2UeLyjMJmhipfMA\">https:\/\/forms.gle\/Vz2UeLyjMJmhipfMA<\/a><\/strong><!--more--><\/p>\n<p style=\"text-align: justify;\"><strong>U\u017eito\u010dn\u00fd hmyz okolo n\u00e1s<\/strong><br \/>\nPozn\u00e1te hmyz bez ktor\u00e9ho by nebol \u017eivot na na\u0161ej Zemi ak\u00fd ho pozn\u00e1me? Viete, ktor\u00fd hmyz je pre n\u00e1s \u013eud\u00ed najviac u\u017eito\u010dn\u00fd? Kde b\u00fdva, \u010d\u00edm sa \u017eiv\u00ed a kto s\u00fa jeho nepriatelia? Ak chcete spozna\u0165 odpovede na tieto a mnoh\u00e9 \u010fal\u0161ie ot\u00e1zky pr\u00ed\u010fte do Krajskej kni\u017enice v \u017diline v\u00a0utorok<strong> 8. j\u00fala o 10:30.<\/strong> S\u00fa\u010das\u0165ou podujatia bude aj tvoriv\u00e1 diel\u0148a. Podujatie je vhodn\u00e9 pre deti <strong>od 6 do 9 rokov<\/strong> v sprievode rodi\u010dov alebo star\u00fdch rodi\u010dov. <strong>Je potrebn\u00e9 sa vopred prihl\u00e1si\u0165<\/strong>: <strong><a href=\"https:\/\/forms.gle\/QPfB7DhSMSFKHUh77\">https:\/\/forms.gle\/QPfB7DhSMSFKHUh77<\/a><\/strong><\/p>\n<p style=\"text-align: justify;\"><strong>Tvor\u00ed\u0161, tvor\u00edm, tvor\u00edme &#8211; Kol\u00e1\u017e <\/strong><br \/>\nChcete sa zabavi\u0165 a\u00a0aj si precvi\u010di\u0165 va\u0161e ruky? Pripravili sme pre v\u00e1s pr\u00e1zdninov\u00fa tvoriv\u00fa diel\u0148u. A\u00a0\u010do budeme robi\u0165? Nau\u010d\u00edme sa kol\u00e1\u017e z\u00a0novinov\u00e9ho papiera, vytvor\u00edme si obr\u00e1zok psa aj ma\u010dky a\u00a0vytvor\u00edme si ve\u013ek\u00e9ho lietaj\u00faceho mot\u00fd\u013ea. Pridajte sa k<strong>\u00a0n\u00e1m vo \u0161tvrtok 10. j\u00fala o\u00a010:30<\/strong> v Krajskej kni\u017enici v \u017diline.\u00a0Podujatie je vhodn\u00e9 pre deti <strong>od 5 do 10 rokov<\/strong> v sprievode rodi\u010dov alebo star\u00fdch rodi\u010dov. Na podujatie <strong>nie je potren\u00e9 sa vopred prihl\u00e1si\u0165<\/strong>.<strong>\u00a0<\/strong><\/p>\n<p style=\"text-align: justify;\"><strong>H\u013eada\u010di tajomstiev <\/strong><br \/>\nAk m\u00e1te chu\u0165, pridajte sa k n\u00e1m a za\u017eite vzru\u0161uj\u00face p\u00e1tranie po tajomstv\u00e1ch, ktor\u00e9 \u010dakaj\u00fa na odhalenie. N\u00e1jdite ind\u00edcie, porozm\u00fd\u0161\u013eajte, uh\u00e1dnite h\u00e1danky a vyrie\u0161te z\u00e1hady <strong>v\u00a0utorok 29. j\u00fala o\u00a010:30 <\/strong>v\u00a0Krajskej kni\u017enici v\u00a0\u017diline. Podujatie je vhodn\u00e9 pre deti <strong>od 7 do 11 rokov<\/strong> v sprievode rodi\u010dov. <strong>Je potrebn\u00e9 sa vopred prihl\u00e1si\u0165<\/strong>: <strong><a href=\"https:\/\/forms.gle\/6q8gwRBNvVotnzGg6\">https:\/\/forms.gle\/6q8gwRBNvVotnzGg6<\/a><\/strong><\/p>\n<p style=\"text-align: justify;\"><strong>Ako sme h\u013eadali kamar\u00e1ta<\/strong><br \/>\nKamieno\u010dka a Kamieno\u010dko s\u00fa kamienkov\u00e9 deti. Na ich ceste za straten\u00fdm kamar\u00e1tom spoznaj\u00fa skalkomot\u00fd\u013ea,\u00a0 skalkorybu, kame\u0148ovrha\u010da a teba s nimi zozn\u00e1mia tie\u017e. Z\u00e1\u017eitkov\u00e9 \u010d\u00edtanie sa uskuto\u010dn\u00ed vo \u0161tvrtok <strong>31. j\u00fala o\u00a010:30<\/strong> v Krajskej kni\u017enici v \u017diline. \u00a0bude spojen\u00e9 s tvorivou diel\u0148ou. Podujatie je vhodn\u00e9 pre v\u0161etky deti<strong> od 5 do 9 rokov<\/strong> v sprievode rodi\u010dov alebo star\u00fdch rodi\u010dov. Na podujatie <strong>nie je potren\u00e9 sa vopred prihl\u00e1si\u0165<\/strong>.<\/p>\n<p>Zmena programu vyhraden\u00e1.<\/p>\n<p>PROJEKT JE SPOLUFINANCOVAN\u00dd MESTOM \u017dILINA.<\/p>\n","protected":false},"excerpt":{"rendered":"<p>Po\u010fme spolu batikova\u0165 Recykluj\u00a0svoje star\u00e9 oble\u010denie a umelecky sa vyjadri! Spolo\u010dne si vysk\u00fa\u0161ame r\u00f4zne techniky batikovania, nau\u010d\u00edme sa citlivo pou\u017e\u00edva\u0165 farby a zachr\u00e1nime tvoje star\u00e9 k\u00fasky oble\u010denia. Vyjadrite v\u00e1\u0161 \u0161t\u00fdl obliekania a str\u00e1vte kreat\u00edvny de\u0148 v Krajskej kni\u017enici v \u017diline \u00a0v utorok 1. j\u00fala od 10:30. Podujatie je vhodn\u00e9 pre deti od 9 do 12 &#8230; <a title=\"Pr\u00e1zdninov\u00fd denn\u00edk z kni\u017enice \u2013 j\u00fal\" class=\"read-more\" href=\"https:\/\/www.krajskakniznicazilina.sk\/index.php\/2025\/06\/16\/prazdninovy-dennik-z-kniznice-jul-4\/\" aria-label=\"Pre\u010d\u00edtajte si viac o Pr\u00e1zdninov\u00fd denn\u00edk z kni\u017enice \u2013 j\u00fal\">\u010c\u00edta\u0165 viac<\/a><\/p>\n","protected":false},"author":1,"featured_media":0,"comment_status":"open","ping_status":"open","sticky":false,"template":"","format":"image","meta":{"footnotes":""},"categories":[30,12,73,17,68],"tags":[],"class_list":["post-15274","post","type-post","status-publish","format-image","hentry","category-detske-leto","category-podujatie","category-pre-deti","category-program","category-projekt","post_format-post-format-image"],"_links":{"self":[{"href":"https:\/\/www.krajskakniznicazilina.sk\/index.php\/wp-json\/wp\/v2\/posts\/15274","targetHints":{"allow":["GET"]}}],"collection":[{"href":"https:\/\/www.krajskakniznicazilina.sk\/index.php\/wp-json\/wp\/v2\/posts"}],"about":[{"href":"https:\/\/www.krajskakniznicazilina.sk\/index.php\/wp-json\/wp\/v2\/types\/post"}],"author":[{"embeddable":true,"href":"https:\/\/www.krajskakniznicazilina.sk\/index.php\/wp-json\/wp\/v2\/users\/1"}],"replies":[{"embeddable":true,"href":"https:\/\/www.krajskakniznicazilina.sk\/index.php\/wp-json\/wp\/v2\/comments?post=15274"}],"version-history":[{"count":5,"href":"https:\/\/www.krajskakniznicazilina.sk\/index.php\/wp-json\/wp\/v2\/posts\/15274\/revisions"}],"predecessor-version":[{"id":15292,"href":"https:\/\/www.krajskakniznicazilina.sk\/index.php\/wp-json\/wp\/v2\/posts\/15274\/revisions\/15292"}],"wp:attachment":[{"href":"https:\/\/www.krajskakniznicazilina.sk\/index.php\/wp-json\/wp\/v2\/media?parent=15274"}],"wp:term":[{"taxonomy":"category","embeddable":true,"href":"https:\/\/www.krajskakniznicazilina.sk\/index.php\/wp-json\/wp\/v2\/categories?post=15274"},{"taxonomy":"post_tag","embeddable":true,"href":"https:\/\/www.krajskakniznicazilina.sk\/index.php\/wp-json\/wp\/v2\/tags?post=15274"}],"curies":[{"name":"wp","href":"https:\/\/api.w.org\/{rel}","templated":true}]}}