{"id":15276,"date":"2025-06-29T07:03:05","date_gmt":"2025-06-29T05:03:05","guid":{"rendered":"https:\/\/www.krajskakniznicazilina.sk\/?p=15276"},"modified":"2025-06-11T10:39:52","modified_gmt":"2025-06-11T08:39:52","slug":"letna-sachova-sutaz-jul","status":"publish","type":"post","link":"https:\/\/www.krajskakniznicazilina.sk\/index.php\/2025\/06\/29\/letna-sachova-sutaz-jul\/","title":{"rendered":"Letn\u00e1 \u0161achov\u00e1 s\u00fa\u0165a\u017e &#8211; j\u00fal"},"content":{"rendered":"<p style=\"text-align: justify;\"><a href=\"https:\/\/www.krajskakniznicazilina.sk\/clanky\/2025\/07\/%C5%A1ach%20s%C3%BA%C5%A5a%C5%BE.jpg\"><img decoding=\"async\" class=\"alignright size-medium\" src=\"https:\/\/www.krajskakniznicazilina.sk\/clanky\/2025\/07\/%C5%A1ach%20s%C3%BA%C5%A5a%C5%BE.jpg\" alt=\"plag\u00e1t\" width=\"40%\" height=\"40%\" \/><\/a>M\u00e1te radi \u0161ach a chcete si zmera\u0165 svoje sily aj s ostatn\u00fdmi? Pr\u00ed\u010fte si zahra\u0165, zabavi\u0165 sa a objavi\u0165 svet \u0161achu. Po\u010das letn\u00fdch pr\u00e1zdnin sa m\u00f4\u017eete z\u00fa\u010dastni\u0165 s\u00fa\u0165a\u017ee \u00a0v pr\u00edjemnom prostred\u00ed Liter\u00e1rneho parku za Krajskou kni\u017enicou v\u00a0\u017diline <strong>v\u00a0pondelok 14. j\u00fala o\u00a010:30.<\/strong><\/p>\n<p style=\"text-align: justify;\">S\u00fa\u0165a\u017e je vhodn\u00e1 pre v\u0161etk\u00fdch nad\u0161encov <strong>od 5 do 15 rokov<\/strong>. Nutn\u00e9 <strong>prihl\u00e1senie<\/strong> vopred: <strong><a href=\"https:\/\/forms.gle\/PVpM4Su8whissGYT6\">https:\/\/forms.gle\/PVpM4Su8whissGYT6<\/a><\/strong><\/p>\n","protected":false},"excerpt":{"rendered":"<p>M\u00e1te radi \u0161ach a chcete si zmera\u0165 svoje sily aj s ostatn\u00fdmi? Pr\u00ed\u010fte si zahra\u0165, zabavi\u0165 sa a objavi\u0165 svet \u0161achu. Po\u010das letn\u00fdch pr\u00e1zdnin sa m\u00f4\u017eete z\u00fa\u010dastni\u0165 s\u00fa\u0165a\u017ee \u00a0v pr\u00edjemnom prostred\u00ed Liter\u00e1rneho parku za Krajskou kni\u017enicou v\u00a0\u017diline v\u00a0pondelok 14. j\u00fala o\u00a010:30. S\u00fa\u0165a\u017e je vhodn\u00e1 pre v\u0161etk\u00fdch nad\u0161encov od 5 do 15 rokov. Nutn\u00e9 prihl\u00e1senie vopred: &#8230; <a title=\"Letn\u00e1 \u0161achov\u00e1 s\u00fa\u0165a\u017e &#8211; j\u00fal\" class=\"read-more\" href=\"https:\/\/www.krajskakniznicazilina.sk\/index.php\/2025\/06\/29\/letna-sachova-sutaz-jul\/\" aria-label=\"Pre\u010d\u00edtajte si viac o Letn\u00e1 \u0161achov\u00e1 s\u00fa\u0165a\u017e &#8211; j\u00fal\">\u010c\u00edta\u0165 viac<\/a><\/p>\n","protected":false},"author":1,"featured_media":0,"comment_status":"open","ping_status":"open","sticky":false,"template":"","format":"image","meta":{"footnotes":""},"categories":[30,12,72,16],"tags":[],"class_list":["post-15276","post","type-post","status-publish","format-image","hentry","category-detske-leto","category-podujatie","category-sachovy-klub","category-sutaz","post_format-post-format-image"],"_links":{"self":[{"href":"https:\/\/www.krajskakniznicazilina.sk\/index.php\/wp-json\/wp\/v2\/posts\/15276","targetHints":{"allow":["GET"]}}],"collection":[{"href":"https:\/\/www.krajskakniznicazilina.sk\/index.php\/wp-json\/wp\/v2\/posts"}],"about":[{"href":"https:\/\/www.krajskakniznicazilina.sk\/index.php\/wp-json\/wp\/v2\/types\/post"}],"author":[{"embeddable":true,"href":"https:\/\/www.krajskakniznicazilina.sk\/index.php\/wp-json\/wp\/v2\/users\/1"}],"replies":[{"embeddable":true,"href":"https:\/\/www.krajskakniznicazilina.sk\/index.php\/wp-json\/wp\/v2\/comments?post=15276"}],"version-history":[{"count":4,"href":"https:\/\/www.krajskakniznicazilina.sk\/index.php\/wp-json\/wp\/v2\/posts\/15276\/revisions"}],"predecessor-version":[{"id":15300,"href":"https:\/\/www.krajskakniznicazilina.sk\/index.php\/wp-json\/wp\/v2\/posts\/15276\/revisions\/15300"}],"wp:attachment":[{"href":"https:\/\/www.krajskakniznicazilina.sk\/index.php\/wp-json\/wp\/v2\/media?parent=15276"}],"wp:term":[{"taxonomy":"category","embeddable":true,"href":"https:\/\/www.krajskakniznicazilina.sk\/index.php\/wp-json\/wp\/v2\/categories?post=15276"},{"taxonomy":"post_tag","embeddable":true,"href":"https:\/\/www.krajskakniznicazilina.sk\/index.php\/wp-json\/wp\/v2\/tags?post=15276"}],"curies":[{"name":"wp","href":"https:\/\/api.w.org\/{rel}","templated":true}]}}