{"id":15293,"date":"2025-06-17T07:01:33","date_gmt":"2025-06-17T05:01:33","guid":{"rendered":"https:\/\/www.krajskakniznicazilina.sk\/?p=15293"},"modified":"2025-06-13T14:24:21","modified_gmt":"2025-06-13T12:24:21","slug":"objav-povab-pyrografie-smartlab","status":"publish","type":"post","link":"https:\/\/www.krajskakniznicazilina.sk\/index.php\/2025\/06\/17\/objav-povab-pyrografie-smartlab\/","title":{"rendered":"Objav p\u00f4vab pyrografie \/ SmartLab"},"content":{"rendered":"<p style=\"text-align: justify;\"><a href=\"https:\/\/www.krajskakniznicazilina.sk\/clanky\/2025\/07\/pyrograf%20smartlab.jpg\"><img decoding=\"async\" class=\"alignleft size-medium\" src=\"https:\/\/www.krajskakniznicazilina.sk\/clanky\/2025\/07\/pyrograf%20smartlab.jpg\" alt=\"plag\u00e1t\" width=\"40%\" height=\"40%\" \/><\/a>Pyrografia je\u00a0 ob\u013e\u00faben\u00e1 umeleck\u00e1 technika na zdobenie dreva, pomocou \u0161peci\u00e1lneho pr\u00edstroja na vypa\u013eovanie. Pr\u00ed\u010fte do kni\u017enice a vyrobte si dekor\u00e1ciu a vezmite si ju domov.\u00a0Za\u017eite kreat\u00edvne dielne <strong>v\u00a0stredu 2. j\u00fala o\u00a010:30<\/strong> v Krajskej kni\u017enici v \u017diline. Podujatie je vhodn\u00e9 pre deti<strong> od 9 rokov<\/strong> v sprievode rodi\u010da alebo star\u00fdch rodi\u010dov, samostatne od 13 rokov. <strong>Prihlasovanie cez formul\u00e1r: <a href=\"https:\/\/forms.gle\/42zyUKKyc8YSti48A\">https:\/\/forms.gle\/42zyUKKyc8YSti48A<\/a><\/strong><\/p>\n<p style=\"text-align: justify;\"><em>Realizovan\u00e9 v spolupr\u00e1ci s Centrom vedecko-technick\u00fdch inform\u00e1ci\u00ed SR ako priamo riadenej organiz\u00e1cii M\u0160VVaM SR v r\u00e1mci implement\u00e1cie opatrenia Podporovanie rozvoja inteligentn\u00fdch laborat\u00f3ri\u00ed v kni\u017eniciach Ak\u010dn\u00e9ho pl\u00e1nu N\u00e1rodnej strat\u00e9gie v\u00fdskumu, v\u00fdvoja a inov\u00e1ci\u00ed 2030.<\/em><\/p>\n","protected":false},"excerpt":{"rendered":"<p>Pyrografia je\u00a0 ob\u013e\u00faben\u00e1 umeleck\u00e1 technika na zdobenie dreva, pomocou \u0161peci\u00e1lneho pr\u00edstroja na vypa\u013eovanie. Pr\u00ed\u010fte do kni\u017enice a vyrobte si dekor\u00e1ciu a vezmite si ju domov.\u00a0Za\u017eite kreat\u00edvne dielne v\u00a0stredu 2. j\u00fala o\u00a010:30 v Krajskej kni\u017enici v \u017diline. Podujatie je vhodn\u00e9 pre deti od 9 rokov v sprievode rodi\u010da alebo star\u00fdch rodi\u010dov, samostatne od 13 rokov. Prihlasovanie &#8230; <a title=\"Objav p\u00f4vab pyrografie \/ SmartLab\" class=\"read-more\" href=\"https:\/\/www.krajskakniznicazilina.sk\/index.php\/2025\/06\/17\/objav-povab-pyrografie-smartlab\/\" aria-label=\"Pre\u010d\u00edtajte si viac o Objav p\u00f4vab pyrografie \/ SmartLab\">\u010c\u00edta\u0165 viac<\/a><\/p>\n","protected":false},"author":1,"featured_media":0,"comment_status":"open","ping_status":"open","sticky":false,"template":"","format":"image","meta":{"footnotes":""},"categories":[30,12,73,74],"tags":[],"class_list":["post-15293","post","type-post","status-publish","format-image","hentry","category-detske-leto","category-podujatie","category-pre-deti","category-makerspace","post_format-post-format-image"],"_links":{"self":[{"href":"https:\/\/www.krajskakniznicazilina.sk\/index.php\/wp-json\/wp\/v2\/posts\/15293","targetHints":{"allow":["GET"]}}],"collection":[{"href":"https:\/\/www.krajskakniznicazilina.sk\/index.php\/wp-json\/wp\/v2\/posts"}],"about":[{"href":"https:\/\/www.krajskakniznicazilina.sk\/index.php\/wp-json\/wp\/v2\/types\/post"}],"author":[{"embeddable":true,"href":"https:\/\/www.krajskakniznicazilina.sk\/index.php\/wp-json\/wp\/v2\/users\/1"}],"replies":[{"embeddable":true,"href":"https:\/\/www.krajskakniznicazilina.sk\/index.php\/wp-json\/wp\/v2\/comments?post=15293"}],"version-history":[{"count":2,"href":"https:\/\/www.krajskakniznicazilina.sk\/index.php\/wp-json\/wp\/v2\/posts\/15293\/revisions"}],"predecessor-version":[{"id":15332,"href":"https:\/\/www.krajskakniznicazilina.sk\/index.php\/wp-json\/wp\/v2\/posts\/15293\/revisions\/15332"}],"wp:attachment":[{"href":"https:\/\/www.krajskakniznicazilina.sk\/index.php\/wp-json\/wp\/v2\/media?parent=15293"}],"wp:term":[{"taxonomy":"category","embeddable":true,"href":"https:\/\/www.krajskakniznicazilina.sk\/index.php\/wp-json\/wp\/v2\/categories?post=15293"},{"taxonomy":"post_tag","embeddable":true,"href":"https:\/\/www.krajskakniznicazilina.sk\/index.php\/wp-json\/wp\/v2\/tags?post=15293"}],"curies":[{"name":"wp","href":"https:\/\/api.w.org\/{rel}","templated":true}]}}