{"id":15295,"date":"2025-06-24T07:02:43","date_gmt":"2025-06-24T05:02:43","guid":{"rendered":"https:\/\/www.krajskakniznicazilina.sk\/?p=15295"},"modified":"2025-06-19T13:08:45","modified_gmt":"2025-06-19T11:08:45","slug":"teen-summer-25","status":"publish","type":"post","link":"https:\/\/www.krajskakniznicazilina.sk\/index.php\/2025\/06\/24\/teen-summer-25\/","title":{"rendered":"Teen Summer &#8217;25"},"content":{"rendered":"<p style=\"text-align: justify;\"><strong><a href=\"https:\/\/www.krajskakniznicazilina.sk\/clanky\/2025\/07\/teen%20summer.jpg\"><img decoding=\"async\" class=\"alignright size-medium\" src=\"https:\/\/www.krajskakniznicazilina.sk\/clanky\/2025\/07\/teen%20summer.jpg\" alt=\"plag\u00e1t\" width=\"35%\" height=\"35%\" \/><\/a>Papiermach\u00e9 Project, p<\/strong><strong>rv\u00e9 stretnutie &#8211; Pl\u00e1novanie, n\u00e1vrh, prototyp<\/strong><\/p>\n<p style=\"text-align: justify;\">S\u00e9ria umeleck\u00fdch workshopov pre t\u00edned\u017eerov (13+), po\u010das ktor\u00fdch \u00fa\u010dastn\u00edci spolo\u010dne navrhn\u00fa a vymodeluj\u00fa plastiky z papiermach\u00e9. Kompletn\u00e9 vyhotovenie trojrozmern\u00e9ho objektu zah\u0155\u0148a pl\u00e1novanie, dizajnovanie, lepenie, dekorovanie, ma\u013eovanie a in\u0161tal\u00e1ciu tak\u017ee z\u00e1ujemci si prejd\u00fa cel\u00fdm umeleck\u00fdm procesom. Pridajte sa k n\u00e1m <strong>v\u00a0utorok 15. j\u00fala o\u00a010:30<\/strong> v\u00a0Krajskej kni\u017enici v\u00a0\u017diline.<\/p>\n<p style=\"text-align: justify;\"><strong>Papiermach\u00e9 Project, d<\/strong><strong>ruh\u00e9 stretnutie &#8211; Tvorba kostry a aplikovanie papiermach\u00e9<\/strong><\/p>\n<p style=\"text-align: justify;\">S\u00e9ria umeleck\u00fdch workshopov pre t\u00edned\u017eerov (13+), po\u010das ktor\u00fdch \u00fa\u010dastn\u00edci spolo\u010dne navrhn\u00fa a vymodeluj\u00fa plastiky z papiermach\u00e9. Kompletn\u00e9 vyhotovenie trojrozmern\u00e9ho objektu zah\u0155\u0148a pl\u00e1novanie, dizajnovanie, lepenie, dekorovanie, ma\u013eovanie a in\u0161tal\u00e1ciu tak\u017ee z\u00e1ujemci si prejd\u00fa cel\u00fdm umeleck\u00fdm procesom. Te\u0161\u00edme sa na v\u00e1s v utorok <strong>29. j\u00fala o\u00a010:30<\/strong> v\u00a0Krajskej kni\u017enici v\u00a0\u017diline.<\/p>\n<p style=\"text-align: justify;\"><strong>Papiermach\u00e9 Project, t<\/strong><strong>retie stretnutie &#8211; Retu\u0161, dekorovanie, ma\u013eba<\/strong><\/p>\n<p style=\"text-align: justify;\">S\u00e9ria umeleck\u00fdch workshopov pre t\u00edned\u017eerov (13+), po\u010das ktor\u00fdch \u00fa\u010dastn\u00edci spolo\u010dne navrhn\u00fa a vymodeluj\u00fa plastiky z papiermach\u00e9. Kompletn\u00e9 vyhotovenie trojrozmern\u00e9ho objektu zah\u0155\u0148a pl\u00e1novanie, dizajnovanie, lepenie, dekorovanie, ma\u013eovanie a in\u0161tal\u00e1ciu tak\u017ee z\u00e1ujemci si prejd\u00fa cel\u00fdm umeleck\u00fdm procesom.\u00a0 Tret\u00ed workshop sa uskuto\u010dn\u00ed <strong>v\u00a0utorok 12. augusta o\u00a010:30<\/strong> v\u00a0Krajskej kni\u017enici v\u00a0\u017diline.<\/p>\n<p style=\"text-align: justify;\"><strong>Papiermach\u00e9 Project, \u0161<\/strong><strong>tvrt\u00e9 stretnutie &#8211; In\u0161tal\u00e1cia plast\u00edk<\/strong><\/p>\n<p style=\"text-align: justify;\">S\u00e9ria umeleck\u00fdch workshopov pre t\u00edned\u017eerov (13+), po\u010das ktor\u00fdch \u00fa\u010dastn\u00edci spolo\u010dne navrhn\u00fa a vymodeluj\u00fa plastiky z papiermach\u00e9. Kompletn\u00e9 vyhotovenie trojrozmern\u00e9ho objektu zah\u0155\u0148a pl\u00e1novanie, dizajnovanie, lepenie, dekorovanie, ma\u013eovanie a in\u0161tal\u00e1ciu tak\u017ee z\u00e1ujemci si prejd\u00fa cel\u00fdm umeleck\u00fdm procesom. Na poslednom pr\u00e1zdninovom workshope sa uvid\u00ed<strong>me v\u00a0utorok 26. augusta o\u00a010:30<\/strong> v\u00a0Krajskej kni\u017enici v\u00a0\u017diline.<\/p>\n<p style=\"text-align: justify;\">Na podujatia Teen Summer nie je potrebn\u00e9 prihlasovanie vopred.<\/p>\n","protected":false},"excerpt":{"rendered":"<p>Papiermach\u00e9 Project, prv\u00e9 stretnutie &#8211; Pl\u00e1novanie, n\u00e1vrh, prototyp S\u00e9ria umeleck\u00fdch workshopov pre t\u00edned\u017eerov (13+), po\u010das ktor\u00fdch \u00fa\u010dastn\u00edci spolo\u010dne navrhn\u00fa a vymodeluj\u00fa plastiky z papiermach\u00e9. Kompletn\u00e9 vyhotovenie trojrozmern\u00e9ho objektu zah\u0155\u0148a pl\u00e1novanie, dizajnovanie, lepenie, dekorovanie, ma\u013eovanie a in\u0161tal\u00e1ciu tak\u017ee z\u00e1ujemci si prejd\u00fa cel\u00fdm umeleck\u00fdm procesom. Pridajte sa k n\u00e1m v\u00a0utorok 15. j\u00fala o\u00a010:30 v\u00a0Krajskej kni\u017enici v\u00a0\u017diline. Papiermach\u00e9 &#8230; <a title=\"Teen Summer &#8217;25\" class=\"read-more\" href=\"https:\/\/www.krajskakniznicazilina.sk\/index.php\/2025\/06\/24\/teen-summer-25\/\" aria-label=\"Pre\u010d\u00edtajte si viac o Teen Summer &#8217;25\">\u010c\u00edta\u0165 viac<\/a><\/p>\n","protected":false},"author":1,"featured_media":0,"comment_status":"open","ping_status":"open","sticky":false,"template":"","format":"image","meta":{"footnotes":""},"categories":[30,12,20],"tags":[],"class_list":["post-15295","post","type-post","status-publish","format-image","hentry","category-detske-leto","category-podujatie","category-workshop","post_format-post-format-image"],"_links":{"self":[{"href":"https:\/\/www.krajskakniznicazilina.sk\/index.php\/wp-json\/wp\/v2\/posts\/15295","targetHints":{"allow":["GET"]}}],"collection":[{"href":"https:\/\/www.krajskakniznicazilina.sk\/index.php\/wp-json\/wp\/v2\/posts"}],"about":[{"href":"https:\/\/www.krajskakniznicazilina.sk\/index.php\/wp-json\/wp\/v2\/types\/post"}],"author":[{"embeddable":true,"href":"https:\/\/www.krajskakniznicazilina.sk\/index.php\/wp-json\/wp\/v2\/users\/1"}],"replies":[{"embeddable":true,"href":"https:\/\/www.krajskakniznicazilina.sk\/index.php\/wp-json\/wp\/v2\/comments?post=15295"}],"version-history":[{"count":4,"href":"https:\/\/www.krajskakniznicazilina.sk\/index.php\/wp-json\/wp\/v2\/posts\/15295\/revisions"}],"predecessor-version":[{"id":15384,"href":"https:\/\/www.krajskakniznicazilina.sk\/index.php\/wp-json\/wp\/v2\/posts\/15295\/revisions\/15384"}],"wp:attachment":[{"href":"https:\/\/www.krajskakniznicazilina.sk\/index.php\/wp-json\/wp\/v2\/media?parent=15295"}],"wp:term":[{"taxonomy":"category","embeddable":true,"href":"https:\/\/www.krajskakniznicazilina.sk\/index.php\/wp-json\/wp\/v2\/categories?post=15295"},{"taxonomy":"post_tag","embeddable":true,"href":"https:\/\/www.krajskakniznicazilina.sk\/index.php\/wp-json\/wp\/v2\/tags?post=15295"}],"curies":[{"name":"wp","href":"https:\/\/api.w.org\/{rel}","templated":true}]}}