{"id":15301,"date":"2025-06-27T07:03:37","date_gmt":"2025-06-27T05:03:37","guid":{"rendered":"https:\/\/www.krajskakniznicazilina.sk\/?p=15301"},"modified":"2025-07-15T07:03:34","modified_gmt":"2025-07-15T05:03:34","slug":"oddycholympiada","status":"publish","type":"post","link":"https:\/\/www.krajskakniznicazilina.sk\/index.php\/2025\/06\/27\/oddycholympiada\/","title":{"rendered":"Oddycholympi\u00e1da"},"content":{"rendered":"<p style=\"text-align: justify;\"><a href=\"https:\/\/www.krajskakniznicazilina.sk\/clanky\/2025\/07\/Oddycholympi%C3%A1da.jpg\"><img decoding=\"async\" class=\"alignleft size-medium\" src=\"https:\/\/www.krajskakniznicazilina.sk\/clanky\/2025\/07\/Oddycholympi%C3%A1da.jpg\" width=\"40%\" height=\"40%\" \/><\/a><\/p>\n<h2 style=\"text-align: justify;\" data-start=\"33\" data-end=\"182\"><strong>Z d\u00f4vodu nepriazniv\u00e9ho po\u010dasia<\/strong> sa pl\u00e1novan\u00e9 podujatie <strong data-start=\"87\" data-end=\"106\">Oddycholympi\u00e1da<\/strong>, ktor\u00e9 sa malo kona\u0165 17. j\u00fala, <strong data-start=\"142\" data-end=\"181\">pres\u00fava na nov\u00fd term\u00edn \u2013 7. augusta<\/strong>.<\/h2>\n<h3 style=\"text-align: justify;\" data-start=\"33\" data-end=\"182\">\u010eakujeme za pochopenie a te\u0161\u00edme sa na stretnutie v n\u00e1hradnom term\u00edne!<\/h3>\n<p style=\"text-align: justify;\">Pr\u00ed\u010f vo \u0161tvrtok <strong>7. augusta o 17:00<\/strong> do Liter\u00e1rneho parku za na\u0161ou kni\u017enicou a za\u017ei podve\u010der pln\u00fd hier a letnej pohody. Zober so sebou kamo\u0161ov a v tieni stromov objav svojho (ne)\u0161portov\u00e9ho ducha pri minigolfe, petangu, pingpongu \u010di croquete. Ak ti ani to nebude sta\u010di\u0165 m\u00f4\u017ee\u0161 vysk\u00fa\u0161a\u0165 akroj\u00f3gu s lektormi z Acroyoga \u017dilina (je potrebn\u00e9 <strong>donies\u0165<\/strong> si vlastn\u00fa <strong>karimatku<\/strong> na jogu).<\/p>\n<p style=\"text-align: justify;\">\u010ci u\u017e si s\u00fa\u0165a\u017eiv\u00fd typ, alebo rad\u0161ej relaxuje\u0161 s knihou v ruke, Oddycholympi\u00e1da je ide\u00e1lna pr\u00edle\u017eitos\u0165 u\u017ei\u0165 si letn\u00fd podve\u010der trochu inak. K dispoz\u00edci\u00ed bude aj gril, tak\u017ee si nezabudni donies\u0165 nie\u010do chutn\u00e9 na grilovanie so sebou. Podujatie je ur\u010den\u00e9 pre dospel\u00fdch <strong>od 18 rokov<\/strong>.<\/p>\n","protected":false},"excerpt":{"rendered":"<p>Z d\u00f4vodu nepriazniv\u00e9ho po\u010dasia sa pl\u00e1novan\u00e9 podujatie Oddycholympi\u00e1da, ktor\u00e9 sa malo kona\u0165 17. j\u00fala, pres\u00fava na nov\u00fd term\u00edn \u2013 7. augusta. \u010eakujeme za pochopenie a te\u0161\u00edme sa na stretnutie v n\u00e1hradnom term\u00edne! Pr\u00ed\u010f vo \u0161tvrtok 7. augusta o 17:00 do Liter\u00e1rneho parku za na\u0161ou kni\u017enicou a za\u017ei podve\u010der pln\u00fd hier a letnej pohody. Zober so &#8230; <a title=\"Oddycholympi\u00e1da\" class=\"read-more\" href=\"https:\/\/www.krajskakniznicazilina.sk\/index.php\/2025\/06\/27\/oddycholympiada\/\" aria-label=\"Pre\u010d\u00edtajte si viac o Oddycholympi\u00e1da\">\u010c\u00edta\u0165 viac<\/a><\/p>\n","protected":false},"author":1,"featured_media":0,"comment_status":"open","ping_status":"open","sticky":false,"template":"","format":"image","meta":{"footnotes":""},"categories":[12],"tags":[],"class_list":["post-15301","post","type-post","status-publish","format-image","hentry","category-podujatie","post_format-post-format-image"],"_links":{"self":[{"href":"https:\/\/www.krajskakniznicazilina.sk\/index.php\/wp-json\/wp\/v2\/posts\/15301","targetHints":{"allow":["GET"]}}],"collection":[{"href":"https:\/\/www.krajskakniznicazilina.sk\/index.php\/wp-json\/wp\/v2\/posts"}],"about":[{"href":"https:\/\/www.krajskakniznicazilina.sk\/index.php\/wp-json\/wp\/v2\/types\/post"}],"author":[{"embeddable":true,"href":"https:\/\/www.krajskakniznicazilina.sk\/index.php\/wp-json\/wp\/v2\/users\/1"}],"replies":[{"embeddable":true,"href":"https:\/\/www.krajskakniznicazilina.sk\/index.php\/wp-json\/wp\/v2\/comments?post=15301"}],"version-history":[{"count":4,"href":"https:\/\/www.krajskakniznicazilina.sk\/index.php\/wp-json\/wp\/v2\/posts\/15301\/revisions"}],"predecessor-version":[{"id":15527,"href":"https:\/\/www.krajskakniznicazilina.sk\/index.php\/wp-json\/wp\/v2\/posts\/15301\/revisions\/15527"}],"wp:attachment":[{"href":"https:\/\/www.krajskakniznicazilina.sk\/index.php\/wp-json\/wp\/v2\/media?parent=15301"}],"wp:term":[{"taxonomy":"category","embeddable":true,"href":"https:\/\/www.krajskakniznicazilina.sk\/index.php\/wp-json\/wp\/v2\/categories?post=15301"},{"taxonomy":"post_tag","embeddable":true,"href":"https:\/\/www.krajskakniznicazilina.sk\/index.php\/wp-json\/wp\/v2\/tags?post=15301"}],"curies":[{"name":"wp","href":"https:\/\/api.w.org\/{rel}","templated":true}]}}