{"id":15304,"date":"2025-06-12T07:05:25","date_gmt":"2025-06-12T05:05:25","guid":{"rendered":"https:\/\/www.krajskakniznicazilina.sk\/?p=15304"},"modified":"2025-06-11T14:07:44","modified_gmt":"2025-06-11T12:07:44","slug":"oznam-o-nedostupnosti-studovne-2","status":"publish","type":"post","link":"https:\/\/www.krajskakniznicazilina.sk\/index.php\/2025\/06\/12\/oznam-o-nedostupnosti-studovne-2\/","title":{"rendered":"Oznam o nedostupnosti \u0161tudovne"},"content":{"rendered":"<h3 style=\"text-align: justify;\"><a href=\"https:\/\/www.krajskakniznicazilina.sk\/clanky\/2025\/06\/oznam%20%C5%A1tudov%C5%88a.jpg\"><img decoding=\"async\" class=\"alignright size-medium\" src=\"https:\/\/www.krajskakniznicazilina.sk\/clanky\/2025\/06\/oznam%20%C5%A1tudov%C5%88a.jpg\" alt=\"plag\u00e1t\" width=\"40%\" height=\"40%\" \/><\/a>V\u00e1\u017een\u00ed \u010ditatelia, dovo\u013eujeme si V\u00e1m ozn\u00e1mi\u0165, \u017ee z d\u00f4vodu \u0161kolenia na \u00daseku odbornej literat\u00fary bude <strong>16. j\u00fana &#8211; 18. j\u00fana v \u010dase od 8:00 do 16:30 \u0161tudov\u0148a nedostupn\u00e1<\/strong>.<\/h3>\n<p style=\"text-align: justify;\">Za vzniknut\u00e9 nepohodlie sa ospravedl\u0148ujeme.<\/p>\n","protected":false},"excerpt":{"rendered":"<p>V\u00e1\u017een\u00ed \u010ditatelia, dovo\u013eujeme si V\u00e1m ozn\u00e1mi\u0165, \u017ee z d\u00f4vodu \u0161kolenia na \u00daseku odbornej literat\u00fary bude 16. j\u00fana &#8211; 18. j\u00fana v \u010dase od 8:00 do 16:30 \u0161tudov\u0148a nedostupn\u00e1. Za vzniknut\u00e9 nepohodlie sa ospravedl\u0148ujeme.<\/p>\n","protected":false},"author":1,"featured_media":0,"comment_status":"open","ping_status":"open","sticky":false,"template":"","format":"image","meta":{"footnotes":""},"categories":[1],"tags":[],"class_list":["post-15304","post","type-post","status-publish","format-image","hentry","category-oznam","post_format-post-format-image"],"_links":{"self":[{"href":"https:\/\/www.krajskakniznicazilina.sk\/index.php\/wp-json\/wp\/v2\/posts\/15304","targetHints":{"allow":["GET"]}}],"collection":[{"href":"https:\/\/www.krajskakniznicazilina.sk\/index.php\/wp-json\/wp\/v2\/posts"}],"about":[{"href":"https:\/\/www.krajskakniznicazilina.sk\/index.php\/wp-json\/wp\/v2\/types\/post"}],"author":[{"embeddable":true,"href":"https:\/\/www.krajskakniznicazilina.sk\/index.php\/wp-json\/wp\/v2\/users\/1"}],"replies":[{"embeddable":true,"href":"https:\/\/www.krajskakniznicazilina.sk\/index.php\/wp-json\/wp\/v2\/comments?post=15304"}],"version-history":[{"count":3,"href":"https:\/\/www.krajskakniznicazilina.sk\/index.php\/wp-json\/wp\/v2\/posts\/15304\/revisions"}],"predecessor-version":[{"id":15307,"href":"https:\/\/www.krajskakniznicazilina.sk\/index.php\/wp-json\/wp\/v2\/posts\/15304\/revisions\/15307"}],"wp:attachment":[{"href":"https:\/\/www.krajskakniznicazilina.sk\/index.php\/wp-json\/wp\/v2\/media?parent=15304"}],"wp:term":[{"taxonomy":"category","embeddable":true,"href":"https:\/\/www.krajskakniznicazilina.sk\/index.php\/wp-json\/wp\/v2\/categories?post=15304"},{"taxonomy":"post_tag","embeddable":true,"href":"https:\/\/www.krajskakniznicazilina.sk\/index.php\/wp-json\/wp\/v2\/tags?post=15304"}],"curies":[{"name":"wp","href":"https:\/\/api.w.org\/{rel}","templated":true}]}}