{"id":15320,"date":"2025-07-01T07:01:43","date_gmt":"2025-07-01T05:01:43","guid":{"rendered":"https:\/\/www.krajskakniznicazilina.sk\/?p=15320"},"modified":"2025-07-01T10:34:50","modified_gmt":"2025-07-01T08:34:50","slug":"jan-fratrik-vystava-3","status":"publish","type":"post","link":"https:\/\/www.krajskakniznicazilina.sk\/index.php\/2025\/07\/01\/jan-fratrik-vystava-3\/","title":{"rendered":"J\u00e1n Fr\u00e1trik &#8211; v\u00fdstava"},"content":{"rendered":"<p style=\"text-align: justify;\"><a href=\"https:\/\/www.krajskakniznicazilina.sk\/clanky\/2025\/07\/fr%C3%A1trik%20RBO.jpg\"><img decoding=\"async\" class=\"alignleft size-medium\" src=\"https:\/\/www.krajskakniznicazilina.sk\/clanky\/2025\/07\/fr%C3%A1trik%20RBO.jpg\" alt=\"plag\u00e1t\" width=\"35%\" height=\"35%\" \/><\/a>V\u00fdstava vznikla\u00a0<span style=\"text-align: justify;\">pri pr\u00edle\u017eitosti 25. v\u00fdro\u010dia \u00famrtia osobnosti a<\/span>\u00a0je zameran\u00e1 na liter\u00e1rnu tvorbu, knihy a \u010dl\u00e1nky o osobnosti. V\u00fdstavu n\u00e1jdete\u00a0na pr\u00edzem\u00ed Krajskej kni\u017enice v \u017diline\u00a0<strong>do konca j\u00fala<\/strong>\u00a02025.<\/p>\n<p style=\"text-align: justify;\">J\u00e1n Fr\u00e1trik bol slovensk\u00fd b\u00e1snik katol\u00edckej moderny, prekladate\u013e nemeckej a franc\u00fazskej po\u00e9zie.\u00a0Liter\u00e1rne prispieval do r\u00f4znych period\u00edk a\u00a0region\u00e1lnej tla\u010de. Jeho b\u00e1sne vy\u0161li aj v\u00a0mnoh\u00fdch zborn\u00edkoch, niektor\u00e9 jeho b\u00e1sne boli zhudobnen\u00e9 a\u00a0upraven\u00e9 pre mu\u017esk\u00e9 zbory a\u00a0stali sa s\u00fa\u010das\u0165ou reperto\u00e1ru spev\u00e1ckych zborov. Popri pedagogickej a\u00a0spisovate\u013eskej pr\u00e1ci sa venoval aj osvetov\u00fdm, kult\u00farnym a\u00a0\u0161portov\u00fdm aktivit\u00e1m. Bol \u010dlenom Orchestra mesta \u017dilina, pracoval v\u00a0Miestnom odbore Matice slovenskej, bol aj zakladaj\u00facim \u010dlenom Zboru \u017dilincov.<\/p>\n","protected":false},"excerpt":{"rendered":"<p>V\u00fdstava vznikla\u00a0pri pr\u00edle\u017eitosti 25. v\u00fdro\u010dia \u00famrtia osobnosti a\u00a0je zameran\u00e1 na liter\u00e1rnu tvorbu, knihy a \u010dl\u00e1nky o osobnosti. V\u00fdstavu n\u00e1jdete\u00a0na pr\u00edzem\u00ed Krajskej kni\u017enice v \u017diline\u00a0do konca j\u00fala\u00a02025. J\u00e1n Fr\u00e1trik bol slovensk\u00fd b\u00e1snik katol\u00edckej moderny, prekladate\u013e nemeckej a franc\u00fazskej po\u00e9zie.\u00a0Liter\u00e1rne prispieval do r\u00f4znych period\u00edk a\u00a0region\u00e1lnej tla\u010de. Jeho b\u00e1sne vy\u0161li aj v\u00a0mnoh\u00fdch zborn\u00edkoch, niektor\u00e9 jeho b\u00e1sne boli zhudobnen\u00e9 &#8230; <a title=\"J\u00e1n Fr\u00e1trik &#8211; v\u00fdstava\" class=\"read-more\" href=\"https:\/\/www.krajskakniznicazilina.sk\/index.php\/2025\/07\/01\/jan-fratrik-vystava-3\/\" aria-label=\"Pre\u010d\u00edtajte si viac o J\u00e1n Fr\u00e1trik &#8211; v\u00fdstava\">\u010c\u00edta\u0165 viac<\/a><\/p>\n","protected":false},"author":1,"featured_media":0,"comment_status":"open","ping_status":"open","sticky":false,"template":"","format":"image","meta":{"footnotes":""},"categories":[15],"tags":[],"class_list":["post-15320","post","type-post","status-publish","format-image","hentry","category-vystava","post_format-post-format-image"],"_links":{"self":[{"href":"https:\/\/www.krajskakniznicazilina.sk\/index.php\/wp-json\/wp\/v2\/posts\/15320","targetHints":{"allow":["GET"]}}],"collection":[{"href":"https:\/\/www.krajskakniznicazilina.sk\/index.php\/wp-json\/wp\/v2\/posts"}],"about":[{"href":"https:\/\/www.krajskakniznicazilina.sk\/index.php\/wp-json\/wp\/v2\/types\/post"}],"author":[{"embeddable":true,"href":"https:\/\/www.krajskakniznicazilina.sk\/index.php\/wp-json\/wp\/v2\/users\/1"}],"replies":[{"embeddable":true,"href":"https:\/\/www.krajskakniznicazilina.sk\/index.php\/wp-json\/wp\/v2\/comments?post=15320"}],"version-history":[{"count":2,"href":"https:\/\/www.krajskakniznicazilina.sk\/index.php\/wp-json\/wp\/v2\/posts\/15320\/revisions"}],"predecessor-version":[{"id":15431,"href":"https:\/\/www.krajskakniznicazilina.sk\/index.php\/wp-json\/wp\/v2\/posts\/15320\/revisions\/15431"}],"wp:attachment":[{"href":"https:\/\/www.krajskakniznicazilina.sk\/index.php\/wp-json\/wp\/v2\/media?parent=15320"}],"wp:term":[{"taxonomy":"category","embeddable":true,"href":"https:\/\/www.krajskakniznicazilina.sk\/index.php\/wp-json\/wp\/v2\/categories?post=15320"},{"taxonomy":"post_tag","embeddable":true,"href":"https:\/\/www.krajskakniznicazilina.sk\/index.php\/wp-json\/wp\/v2\/tags?post=15320"}],"curies":[{"name":"wp","href":"https:\/\/api.w.org\/{rel}","templated":true}]}}