{"id":15322,"date":"2025-06-22T09:24:45","date_gmt":"2025-06-22T07:24:45","guid":{"rendered":"https:\/\/www.krajskakniznicazilina.sk\/?p=15322"},"modified":"2025-06-27T10:16:04","modified_gmt":"2025-06-27T08:16:04","slug":"klub-rucnych-prac-leto","status":"publish","type":"post","link":"https:\/\/www.krajskakniznicazilina.sk\/index.php\/2025\/06\/22\/klub-rucnych-prac-leto\/","title":{"rendered":"Klub ru\u010dn\u00fdch pr\u00e1c &#8211; leto"},"content":{"rendered":"<p style=\"text-align: justify;\"><a href=\"https:\/\/www.krajskakniznicazilina.sk\/clanky\/2025\/07\/klub%20ru%C4%8Dn%C3%BDch%20pr%C3%A1c%20leto.jpg\"><img decoding=\"async\" class=\"alignleft size-medium\" src=\"https:\/\/www.krajskakniznicazilina.sk\/clanky\/2025\/07\/klub%20ru%C4%8Dn%C3%BDch%20pr%C3%A1c%20leto.jpg\" alt=\"plag\u00e1t\" width=\"40%\" height=\"40%\" \/><\/a>Klub ru\u010dn\u00fdch pr\u00e1c sa\u00a0<strong>po\u010das leta <\/strong>bude stret\u00e1va\u0165\u00a0<strong>ka\u017ed\u00fa stredu o 16:00<\/strong>. Ak si rozumiete si s ihlou a ni\u0165ou, ihlicami \u010di h\u00e1\u010dikom kni\u017enica je to spr\u00e1vne miesto. Prineste si so sebou vydaren\u00fd v\u00fdrobok alebo pr\u00e1ve rozpracovan\u00fa v\u00fd\u0161ivku \u010di sveter a str\u00e1vte pr\u00edjemn\u00e9 popoludnie v kruhu \u0161ikovn\u00fdch \u013eud\u00ed. Ste v\u00edtan\u00ed s akouko\u013evek z\u00e1\u013eubou \u010di rozpracovan\u00fdm projektom. Budeme radi, ke\u010f sa do klubu pridaj\u00fa aj mlad\u0161\u00ed, ktor\u00ed sa m\u00f4\u017eu sta\u0165 nov\u00fdmi nosite\u013emi trad\u00edci\u00ed.<\/p>\n<p>PROJEKT JE SPOLUFINANCOVAN\u00dd MESTOM \u017dILINA.<\/p>\n","protected":false},"excerpt":{"rendered":"<p>Klub ru\u010dn\u00fdch pr\u00e1c sa\u00a0po\u010das leta bude stret\u00e1va\u0165\u00a0ka\u017ed\u00fa stredu o 16:00. Ak si rozumiete si s ihlou a ni\u0165ou, ihlicami \u010di h\u00e1\u010dikom kni\u017enica je to spr\u00e1vne miesto. Prineste si so sebou vydaren\u00fd v\u00fdrobok alebo pr\u00e1ve rozpracovan\u00fa v\u00fd\u0161ivku \u010di sveter a str\u00e1vte pr\u00edjemn\u00e9 popoludnie v kruhu \u0161ikovn\u00fdch \u013eud\u00ed. Ste v\u00edtan\u00ed s akouko\u013evek z\u00e1\u013eubou \u010di rozpracovan\u00fdm projektom. Budeme &#8230; <a title=\"Klub ru\u010dn\u00fdch pr\u00e1c &#8211; leto\" class=\"read-more\" href=\"https:\/\/www.krajskakniznicazilina.sk\/index.php\/2025\/06\/22\/klub-rucnych-prac-leto\/\" aria-label=\"Pre\u010d\u00edtajte si viac o Klub ru\u010dn\u00fdch pr\u00e1c &#8211; leto\">\u010c\u00edta\u0165 viac<\/a><\/p>\n","protected":false},"author":1,"featured_media":0,"comment_status":"open","ping_status":"open","sticky":false,"template":"","format":"image","meta":{"footnotes":""},"categories":[23,38,12],"tags":[],"class_list":["post-15322","post","type-post","status-publish","format-image","hentry","category-klub","category-klub-rucnych-prac","category-podujatie","post_format-post-format-image"],"_links":{"self":[{"href":"https:\/\/www.krajskakniznicazilina.sk\/index.php\/wp-json\/wp\/v2\/posts\/15322","targetHints":{"allow":["GET"]}}],"collection":[{"href":"https:\/\/www.krajskakniznicazilina.sk\/index.php\/wp-json\/wp\/v2\/posts"}],"about":[{"href":"https:\/\/www.krajskakniznicazilina.sk\/index.php\/wp-json\/wp\/v2\/types\/post"}],"author":[{"embeddable":true,"href":"https:\/\/www.krajskakniznicazilina.sk\/index.php\/wp-json\/wp\/v2\/users\/1"}],"replies":[{"embeddable":true,"href":"https:\/\/www.krajskakniznicazilina.sk\/index.php\/wp-json\/wp\/v2\/comments?post=15322"}],"version-history":[{"count":4,"href":"https:\/\/www.krajskakniznicazilina.sk\/index.php\/wp-json\/wp\/v2\/posts\/15322\/revisions"}],"predecessor-version":[{"id":15412,"href":"https:\/\/www.krajskakniznicazilina.sk\/index.php\/wp-json\/wp\/v2\/posts\/15322\/revisions\/15412"}],"wp:attachment":[{"href":"https:\/\/www.krajskakniznicazilina.sk\/index.php\/wp-json\/wp\/v2\/media?parent=15322"}],"wp:term":[{"taxonomy":"category","embeddable":true,"href":"https:\/\/www.krajskakniznicazilina.sk\/index.php\/wp-json\/wp\/v2\/categories?post=15322"},{"taxonomy":"post_tag","embeddable":true,"href":"https:\/\/www.krajskakniznicazilina.sk\/index.php\/wp-json\/wp\/v2\/tags?post=15322"}],"curies":[{"name":"wp","href":"https:\/\/api.w.org\/{rel}","templated":true}]}}