{"id":15328,"date":"2025-07-14T07:03:08","date_gmt":"2025-07-14T05:03:08","guid":{"rendered":"https:\/\/www.krajskakniznicazilina.sk\/?p=15328"},"modified":"2025-06-13T11:07:54","modified_gmt":"2025-06-13T09:07:54","slug":"sije-ti-smartlab","status":"publish","type":"post","link":"https:\/\/www.krajskakniznicazilina.sk\/index.php\/2025\/07\/14\/sije-ti-smartlab\/","title":{"rendered":"\u0160ije ti? \/ SmartLab"},"content":{"rendered":"<p style=\"text-align: justify;\"><a href=\"https:\/\/www.krajskakniznicazilina.sk\/clanky\/2025\/07\/%C5%A1itie%20smartlab.jpg\"><img decoding=\"async\" class=\"alignright size-medium\" src=\"https:\/\/www.krajskakniznicazilina.sk\/clanky\/2025\/07\/%C5%A1itie%20smartlab.jpg\" alt=\"plag\u00e1t\" width=\"40%\" height=\"40%\" \/><\/a>Viete, \u010do dok\u00e1\u017ee \u0161ijac\u00ed stroj? <strong>Vo \u0161tvrtok 31. j\u00fala o\u00a010:30<\/strong> si v Krajskej kni\u017enici v \u017diline spolo\u010dne uk\u00e1\u017eeme pr\u00e1cu na \u0161ijacom stroji tak, aby ste mohli aj doma \u0161i\u0165 bez stresu. Predvedieme v\u00e1m z\u00e1kladn\u00e9 nastavenia, obsluhu a mo\u017enosti strojov\u00e9ho \u0161itia. Podujatie je vhodn\u00e9 pre z\u00e1ujemcov od 15 rokov. <strong>Prihlasovanie cez formul\u00e1r<\/strong>:<strong> <a href=\"https:\/\/forms.gle\/uqxRfNrTF1GPxGLj8\">https:\/\/forms.gle\/uqxRfNrTF1GPxGLj8<\/a><\/strong><\/p>\n<p style=\"text-align: justify;\"><em>Realizovan\u00e9 v spolupr\u00e1ci s Centrom vedecko-technick\u00fdch inform\u00e1ci\u00ed SR ako priamo riadenej organiz\u00e1cii M\u0160VVaM SR v r\u00e1mci implement\u00e1cie opatrenia Podporovanie rozvoja inteligentn\u00fdch laborat\u00f3ri\u00ed v kni\u017eniciach Ak\u010dn\u00e9ho pl\u00e1nu N\u00e1rodnej strat\u00e9gie v\u00fdskumu, v\u00fdvoja a inov\u00e1ci\u00ed 2030.<\/em><\/p>\n","protected":false},"excerpt":{"rendered":"<p>Viete, \u010do dok\u00e1\u017ee \u0161ijac\u00ed stroj? Vo \u0161tvrtok 31. j\u00fala o\u00a010:30 si v Krajskej kni\u017enici v \u017diline spolo\u010dne uk\u00e1\u017eeme pr\u00e1cu na \u0161ijacom stroji tak, aby ste mohli aj doma \u0161i\u0165 bez stresu. Predvedieme v\u00e1m z\u00e1kladn\u00e9 nastavenia, obsluhu a mo\u017enosti strojov\u00e9ho \u0161itia. Podujatie je vhodn\u00e9 pre z\u00e1ujemcov od 15 rokov. Prihlasovanie cez formul\u00e1r: https:\/\/forms.gle\/uqxRfNrTF1GPxGLj8 Realizovan\u00e9 v spolupr\u00e1ci &#8230; <a title=\"\u0160ije ti? \/ SmartLab\" class=\"read-more\" href=\"https:\/\/www.krajskakniznicazilina.sk\/index.php\/2025\/07\/14\/sije-ti-smartlab\/\" aria-label=\"Pre\u010d\u00edtajte si viac o \u0160ije ti? \/ SmartLab\">\u010c\u00edta\u0165 viac<\/a><\/p>\n","protected":false},"author":1,"featured_media":0,"comment_status":"open","ping_status":"open","sticky":false,"template":"","format":"image","meta":{"footnotes":""},"categories":[12,74,20],"tags":[],"class_list":["post-15328","post","type-post","status-publish","format-image","hentry","category-podujatie","category-makerspace","category-workshop","post_format-post-format-image"],"_links":{"self":[{"href":"https:\/\/www.krajskakniznicazilina.sk\/index.php\/wp-json\/wp\/v2\/posts\/15328","targetHints":{"allow":["GET"]}}],"collection":[{"href":"https:\/\/www.krajskakniznicazilina.sk\/index.php\/wp-json\/wp\/v2\/posts"}],"about":[{"href":"https:\/\/www.krajskakniznicazilina.sk\/index.php\/wp-json\/wp\/v2\/types\/post"}],"author":[{"embeddable":true,"href":"https:\/\/www.krajskakniznicazilina.sk\/index.php\/wp-json\/wp\/v2\/users\/1"}],"replies":[{"embeddable":true,"href":"https:\/\/www.krajskakniznicazilina.sk\/index.php\/wp-json\/wp\/v2\/comments?post=15328"}],"version-history":[{"count":1,"href":"https:\/\/www.krajskakniznicazilina.sk\/index.php\/wp-json\/wp\/v2\/posts\/15328\/revisions"}],"predecessor-version":[{"id":15329,"href":"https:\/\/www.krajskakniznicazilina.sk\/index.php\/wp-json\/wp\/v2\/posts\/15328\/revisions\/15329"}],"wp:attachment":[{"href":"https:\/\/www.krajskakniznicazilina.sk\/index.php\/wp-json\/wp\/v2\/media?parent=15328"}],"wp:term":[{"taxonomy":"category","embeddable":true,"href":"https:\/\/www.krajskakniznicazilina.sk\/index.php\/wp-json\/wp\/v2\/categories?post=15328"},{"taxonomy":"post_tag","embeddable":true,"href":"https:\/\/www.krajskakniznicazilina.sk\/index.php\/wp-json\/wp\/v2\/tags?post=15328"}],"curies":[{"name":"wp","href":"https:\/\/api.w.org\/{rel}","templated":true}]}}