{"id":15333,"date":"2025-07-15T07:04:47","date_gmt":"2025-07-15T05:04:47","guid":{"rendered":"https:\/\/www.krajskakniznicazilina.sk\/?p=15333"},"modified":"2025-07-30T08:25:53","modified_gmt":"2025-07-30T06:25:53","slug":"prazdninovy-dennik-z-kniznice-august-4","status":"publish","type":"post","link":"https:\/\/www.krajskakniznicazilina.sk\/index.php\/2025\/07\/15\/prazdninovy-dennik-z-kniznice-august-4\/","title":{"rendered":"Pr\u00e1zdninov\u00fd denn\u00edk z kni\u017enice \u2013 august"},"content":{"rendered":"<p style=\"text-align: justify;\"><strong><a href=\"https:\/\/www.krajskakniznicazilina.sk\/clanky\/2025\/08\/pr%C3%A1zd%20denn%C3%ADk%202.jpg\"><img decoding=\"async\" class=\"alignright size-medium\" src=\"https:\/\/www.krajskakniznicazilina.sk\/clanky\/2025\/08\/pr%C3%A1zd%20denn%C3%ADk%202.jpg\" alt=\"plag\u00e1t\" width=\"40%\" height=\"40%\" \/><\/a>Kni\u017enica a\u00a0jej letn\u00e9 poklady\u00a0 <\/strong><br \/>\nDeti bud\u00fa h\u013eada\u0165 tajn\u00e9 \u0161ifry ukryt\u00e9 v kni\u017enici a v okol\u00ed kni\u017enice, ktor\u00e9 ich doved\u00fa k z\u00e1hadn\u00e9mu pokladu. Aby sa k nemu dostali, bud\u00fa musie\u0165 vyrie\u0161i\u0165 viacero \u00faloh, h\u00e1daniek a dr\u017ea\u0165 sa r\u00f4znych ind\u00edci\u00ed, ktor\u00e9 bud\u00fa skr\u00fdva\u0165 ob\u013e\u00faben\u00e9 rozpr\u00e1vkov\u00e9 bytosti, hrdinovia a zn\u00e1me liter\u00e1rne postavy. Po\u010fte s\u00a0nami h\u013eada\u0165 poklady v\u00a0utorok <strong>5. augusta o\u00a010:30<\/strong> v Krajskej kni\u017enici v \u017diline.\u00a0Podujatie je vhodn\u00e9 pre deti <strong>od 8 do 12 rokov<\/strong> v sprievode rodi\u010dov alebo star\u00fdch rodi\u010dov. Na podujatie nie je potrebn\u00e9 sa vopred prihl\u00e1si\u0165.<\/p>\n<p style=\"text-align: justify;\"><strong>Pravda alebo lo\u017e<\/strong><br \/>\nNen\u00e1silnou formou, pomocou literat\u00fary pom\u00f4\u017eeme de\u0165om nau\u010di\u0165 sa rozli\u0161ova\u0165, \u010do je pravda a \u010do je klamstvo. Hravou formou im vysvetl\u00edme, ako sa chr\u00e1ni\u0165 pred nepravdiv\u00fdmi inform\u00e1ciami. Zistite s\u00a0nami pravdu vo \u0161tvrtok <strong>7. augusta o\u00a010:30<\/strong> v Krajskej kni\u017enici v \u017diline. Podujatie je vhodn\u00e9 pre deti <strong>od 8 rokov do 12 rokov<\/strong> v sprievode rodi\u010dov alebo star\u00fdch rodi\u010dov. Na podujatie nie je potrebn\u00e9 sa vopred prihl\u00e1si\u0165.<\/p>\n<p style=\"text-align: justify;\"><strong>Kvety bez v\u00f4ne<\/strong><br \/>\nAj ke\u010f leto pomaly prech\u00e1dza do jesene a na l\u00fakach je menej kvetov, n\u00e1m to v\u00f4bec nevad\u00ed. Vyrob\u00edme si kvety z papiera.\u00a0 Spolu s pr\u00edrodn\u00fdmi\u00a0 materi\u00e1lmi n\u00e1m posl\u00fa\u017eia na v\u00fdzdobu z\u00e1vesu alebo ven\u010deka. Podujatie je vhodn\u00e9 pre deti od 8 rokov v sprievode rodi\u010dov. V\u0161etci ste v\u00edtan\u00ed vo \u0161tvrtok<strong> 28. augusta o\u00a010:30 <\/strong>v Krajskej kni\u017enici v \u017diline. Na podujatie nie je potrebn\u00e9 sa vopred prihl\u00e1si\u0165.<\/p>\n<p style=\"text-align: justify;\">Zmena programu vyhraden\u00e1.<\/p>\n<p style=\"text-align: justify;\">PROJEKT JE SPOLUFINANCOVAN\u00dd MESTOM \u017dILINA.<\/p>\n","protected":false},"excerpt":{"rendered":"<p>Kni\u017enica a\u00a0jej letn\u00e9 poklady\u00a0 Deti bud\u00fa h\u013eada\u0165 tajn\u00e9 \u0161ifry ukryt\u00e9 v kni\u017enici a v okol\u00ed kni\u017enice, ktor\u00e9 ich doved\u00fa k z\u00e1hadn\u00e9mu pokladu. Aby sa k nemu dostali, bud\u00fa musie\u0165 vyrie\u0161i\u0165 viacero \u00faloh, h\u00e1daniek a dr\u017ea\u0165 sa r\u00f4znych ind\u00edci\u00ed, ktor\u00e9 bud\u00fa skr\u00fdva\u0165 ob\u013e\u00faben\u00e9 rozpr\u00e1vkov\u00e9 bytosti, hrdinovia a zn\u00e1me liter\u00e1rne postavy. Po\u010fte s\u00a0nami h\u013eada\u0165 poklady v\u00a0utorok 5. &#8230; <a title=\"Pr\u00e1zdninov\u00fd denn\u00edk z kni\u017enice \u2013 august\" class=\"read-more\" href=\"https:\/\/www.krajskakniznicazilina.sk\/index.php\/2025\/07\/15\/prazdninovy-dennik-z-kniznice-august-4\/\" aria-label=\"Pre\u010d\u00edtajte si viac o Pr\u00e1zdninov\u00fd denn\u00edk z kni\u017enice \u2013 august\">\u010c\u00edta\u0165 viac<\/a><\/p>\n","protected":false},"author":1,"featured_media":0,"comment_status":"open","ping_status":"open","sticky":false,"template":"","format":"image","meta":{"footnotes":""},"categories":[30,12,73,17,68],"tags":[],"class_list":["post-15333","post","type-post","status-publish","format-image","hentry","category-detske-leto","category-podujatie","category-pre-deti","category-program","category-projekt","post_format-post-format-image"],"_links":{"self":[{"href":"https:\/\/www.krajskakniznicazilina.sk\/index.php\/wp-json\/wp\/v2\/posts\/15333","targetHints":{"allow":["GET"]}}],"collection":[{"href":"https:\/\/www.krajskakniznicazilina.sk\/index.php\/wp-json\/wp\/v2\/posts"}],"about":[{"href":"https:\/\/www.krajskakniznicazilina.sk\/index.php\/wp-json\/wp\/v2\/types\/post"}],"author":[{"embeddable":true,"href":"https:\/\/www.krajskakniznicazilina.sk\/index.php\/wp-json\/wp\/v2\/users\/1"}],"replies":[{"embeddable":true,"href":"https:\/\/www.krajskakniznicazilina.sk\/index.php\/wp-json\/wp\/v2\/comments?post=15333"}],"version-history":[{"count":3,"href":"https:\/\/www.krajskakniznicazilina.sk\/index.php\/wp-json\/wp\/v2\/posts\/15333\/revisions"}],"predecessor-version":[{"id":15582,"href":"https:\/\/www.krajskakniznicazilina.sk\/index.php\/wp-json\/wp\/v2\/posts\/15333\/revisions\/15582"}],"wp:attachment":[{"href":"https:\/\/www.krajskakniznicazilina.sk\/index.php\/wp-json\/wp\/v2\/media?parent=15333"}],"wp:term":[{"taxonomy":"category","embeddable":true,"href":"https:\/\/www.krajskakniznicazilina.sk\/index.php\/wp-json\/wp\/v2\/categories?post=15333"},{"taxonomy":"post_tag","embeddable":true,"href":"https:\/\/www.krajskakniznicazilina.sk\/index.php\/wp-json\/wp\/v2\/tags?post=15333"}],"curies":[{"name":"wp","href":"https:\/\/api.w.org\/{rel}","templated":true}]}}