{"id":15338,"date":"2025-07-23T07:03:30","date_gmt":"2025-07-23T05:03:30","guid":{"rendered":"https:\/\/www.krajskakniznicazilina.sk\/?p=15338"},"modified":"2025-07-29T09:01:01","modified_gmt":"2025-07-29T07:01:01","slug":"hrncek-s-potlacou-smartlab","status":"publish","type":"post","link":"https:\/\/www.krajskakniznicazilina.sk\/index.php\/2025\/07\/23\/hrncek-s-potlacou-smartlab\/","title":{"rendered":"Hrn\u010dek s potla\u010dou \/ SmartLab"},"content":{"rendered":"<p style=\"text-align: justify;\"><a href=\"https:\/\/www.krajskakniznicazilina.sk\/clanky\/2025\/08\/hrn%C4%8Dek%20smartlab.jpg\"><img decoding=\"async\" class=\"alignleft size-medium\" src=\"https:\/\/www.krajskakniznicazilina.sk\/clanky\/2025\/08\/hrn%C4%8Dek%20smartlab.jpg\" alt=\"plag\u00e1t\" width=\"40%\" height=\"40%\" \/><\/a>M\u00e1te na n\u00e1v\u0161teve vn\u00fa\u010dat\u00e1 a chcete s nimi str\u00e1vi\u0165 \u010das? Pr\u00ed\u010fte v utorok <strong>12. augusta o\u00a010:30<\/strong> do Krajskej kni\u017enice v \u017diline a vyrobte si spolo\u010dne v\u00fdrobok z na\u0161ej kreat\u00edvnej dielne ako spomienku na leto. Podujatie je vhodn\u00e9 pre deti <strong>od 9 rokov<\/strong> v sprievode rodi\u010da alebo star\u00fdch rodi\u010dov. <strong>Prihlasovanie cez formul\u00e1r: <a href=\"https:\/\/forms.gle\/EGeohtK1oQEocHXJA\">https:\/\/forms.gle\/EGeohtK1oQEocHXJA<\/a><\/strong><\/p>\n<p style=\"text-align: justify;\"><em>Realizovan\u00e9 v spolupr\u00e1ci s Centrom vedecko-technick\u00fdch inform\u00e1ci\u00ed SR ako priamo riadenej organiz\u00e1cii M\u0160VVaM SR v r\u00e1mci implement\u00e1cie opatrenia Podporovanie rozvoja inteligentn\u00fdch laborat\u00f3ri\u00ed v kni\u017eniciach Ak\u010dn\u00e9ho pl\u00e1nu N\u00e1rodnej strat\u00e9gie v\u00fdskumu, v\u00fdvoja a inov\u00e1ci\u00ed 2030.<\/em><\/p>\n<p>PROJEKT JE SPOLUFINANCOVAN\u00dd MESTOM \u017dILINA.<\/p>\n","protected":false},"excerpt":{"rendered":"<p>M\u00e1te na n\u00e1v\u0161teve vn\u00fa\u010dat\u00e1 a chcete s nimi str\u00e1vi\u0165 \u010das? Pr\u00ed\u010fte v utorok 12. augusta o\u00a010:30 do Krajskej kni\u017enice v \u017diline a vyrobte si spolo\u010dne v\u00fdrobok z na\u0161ej kreat\u00edvnej dielne ako spomienku na leto. Podujatie je vhodn\u00e9 pre deti od 9 rokov v sprievode rodi\u010da alebo star\u00fdch rodi\u010dov. Prihlasovanie cez formul\u00e1r: https:\/\/forms.gle\/EGeohtK1oQEocHXJA Realizovan\u00e9 v spolupr\u00e1ci &#8230; <a title=\"Hrn\u010dek s potla\u010dou \/ SmartLab\" class=\"read-more\" href=\"https:\/\/www.krajskakniznicazilina.sk\/index.php\/2025\/07\/23\/hrncek-s-potlacou-smartlab\/\" aria-label=\"Pre\u010d\u00edtajte si viac o Hrn\u010dek s potla\u010dou \/ SmartLab\">\u010c\u00edta\u0165 viac<\/a><\/p>\n","protected":false},"author":1,"featured_media":0,"comment_status":"open","ping_status":"open","sticky":false,"template":"","format":"image","meta":{"footnotes":""},"categories":[30,12,73,74,20],"tags":[],"class_list":["post-15338","post","type-post","status-publish","format-image","hentry","category-detske-leto","category-podujatie","category-pre-deti","category-makerspace","category-workshop","post_format-post-format-image"],"_links":{"self":[{"href":"https:\/\/www.krajskakniznicazilina.sk\/index.php\/wp-json\/wp\/v2\/posts\/15338","targetHints":{"allow":["GET"]}}],"collection":[{"href":"https:\/\/www.krajskakniznicazilina.sk\/index.php\/wp-json\/wp\/v2\/posts"}],"about":[{"href":"https:\/\/www.krajskakniznicazilina.sk\/index.php\/wp-json\/wp\/v2\/types\/post"}],"author":[{"embeddable":true,"href":"https:\/\/www.krajskakniznicazilina.sk\/index.php\/wp-json\/wp\/v2\/users\/1"}],"replies":[{"embeddable":true,"href":"https:\/\/www.krajskakniznicazilina.sk\/index.php\/wp-json\/wp\/v2\/comments?post=15338"}],"version-history":[{"count":3,"href":"https:\/\/www.krajskakniznicazilina.sk\/index.php\/wp-json\/wp\/v2\/posts\/15338\/revisions"}],"predecessor-version":[{"id":15576,"href":"https:\/\/www.krajskakniznicazilina.sk\/index.php\/wp-json\/wp\/v2\/posts\/15338\/revisions\/15576"}],"wp:attachment":[{"href":"https:\/\/www.krajskakniznicazilina.sk\/index.php\/wp-json\/wp\/v2\/media?parent=15338"}],"wp:term":[{"taxonomy":"category","embeddable":true,"href":"https:\/\/www.krajskakniznicazilina.sk\/index.php\/wp-json\/wp\/v2\/categories?post=15338"},{"taxonomy":"post_tag","embeddable":true,"href":"https:\/\/www.krajskakniznicazilina.sk\/index.php\/wp-json\/wp\/v2\/tags?post=15338"}],"curies":[{"name":"wp","href":"https:\/\/api.w.org\/{rel}","templated":true}]}}