{"id":15349,"date":"2025-06-18T05:24:34","date_gmt":"2025-06-18T03:24:34","guid":{"rendered":"https:\/\/www.krajskakniznicazilina.sk\/?p=15349"},"modified":"2025-08-28T13:14:57","modified_gmt":"2025-08-28T11:14:57","slug":"porucha-vytahu","status":"publish","type":"post","link":"https:\/\/www.krajskakniznicazilina.sk\/index.php\/2025\/06\/18\/porucha-vytahu\/","title":{"rendered":"Porucha v\u00fd\u0165ahu"},"content":{"rendered":"<h3 style=\"text-align: justify;\"><strong>V\u00fd\u0165ah<\/strong> je z d\u00f4vodu pretrv\u00e1vaj\u00facej poruchy do odvolania <strong>mimo prev\u00e1dzky<\/strong>. Za obmedzenia sa ospravedl\u0148ujeme.<\/h3>\n<p>pozn. od 28.8.2025 je v\u00fd\u0165ah op\u00e4\u0165 v prev\u00e1dzke<\/p>\n","protected":false},"excerpt":{"rendered":"<p>V\u00fd\u0165ah je z d\u00f4vodu pretrv\u00e1vaj\u00facej poruchy do odvolania mimo prev\u00e1dzky. Za obmedzenia sa ospravedl\u0148ujeme. pozn. od 28.8.2025 je v\u00fd\u0165ah op\u00e4\u0165 v prev\u00e1dzke<\/p>\n","protected":false},"author":1,"featured_media":0,"comment_status":"open","ping_status":"open","sticky":false,"template":"","format":"aside","meta":{"footnotes":""},"categories":[1],"tags":[],"class_list":["post-15349","post","type-post","status-publish","format-aside","hentry","category-oznam","post_format-post-format-aside"],"_links":{"self":[{"href":"https:\/\/www.krajskakniznicazilina.sk\/index.php\/wp-json\/wp\/v2\/posts\/15349","targetHints":{"allow":["GET"]}}],"collection":[{"href":"https:\/\/www.krajskakniznicazilina.sk\/index.php\/wp-json\/wp\/v2\/posts"}],"about":[{"href":"https:\/\/www.krajskakniznicazilina.sk\/index.php\/wp-json\/wp\/v2\/types\/post"}],"author":[{"embeddable":true,"href":"https:\/\/www.krajskakniznicazilina.sk\/index.php\/wp-json\/wp\/v2\/users\/1"}],"replies":[{"embeddable":true,"href":"https:\/\/www.krajskakniznicazilina.sk\/index.php\/wp-json\/wp\/v2\/comments?post=15349"}],"version-history":[{"count":6,"href":"https:\/\/www.krajskakniznicazilina.sk\/index.php\/wp-json\/wp\/v2\/posts\/15349\/revisions"}],"predecessor-version":[{"id":15805,"href":"https:\/\/www.krajskakniznicazilina.sk\/index.php\/wp-json\/wp\/v2\/posts\/15349\/revisions\/15805"}],"wp:attachment":[{"href":"https:\/\/www.krajskakniznicazilina.sk\/index.php\/wp-json\/wp\/v2\/media?parent=15349"}],"wp:term":[{"taxonomy":"category","embeddable":true,"href":"https:\/\/www.krajskakniznicazilina.sk\/index.php\/wp-json\/wp\/v2\/categories?post=15349"},{"taxonomy":"post_tag","embeddable":true,"href":"https:\/\/www.krajskakniznicazilina.sk\/index.php\/wp-json\/wp\/v2\/tags?post=15349"}],"curies":[{"name":"wp","href":"https:\/\/api.w.org\/{rel}","templated":true}]}}