{"id":15363,"date":"2025-06-20T09:02:43","date_gmt":"2025-06-20T07:02:43","guid":{"rendered":"https:\/\/www.krajskakniznicazilina.sk\/?p=15363"},"modified":"2025-07-14T07:38:47","modified_gmt":"2025-07-14T05:38:47","slug":"program-jul-2025","status":"publish","type":"post","link":"https:\/\/www.krajskakniznicazilina.sk\/index.php\/2025\/06\/20\/program-jul-2025\/","title":{"rendered":"Program \/ j\u00fal 2025"},"content":{"rendered":"<table style=\"height: 298px;\" width=\"1210\">\n<tbody>\n<tr>\n<td><strong>d\u00e1tum<\/strong><\/td>\n<td><strong>\u010das<\/strong><\/td>\n<td><strong>n\u00e1zov podujatia<\/strong><\/td>\n<td><strong>vekov\u00e9 ur\u010denie<\/strong><\/td>\n<td><strong>prihlasovanie<\/strong><\/td>\n<\/tr>\n<tr>\n<td>1.7.<\/td>\n<td>10:30<\/td>\n<td><strong>Po\u010fme spolu batikova\u0165<\/strong><\/td>\n<td>od 9 do 12 rokov v sprievode dospel\u00e9ho<\/td>\n<td><strong><a href=\"https:\/\/forms.gle\/5meijWxVctcTFTBY6\">https:\/\/forms.gle\/5meijWxVctcTFTBY6<\/a><\/strong><\/td>\n<\/tr>\n<tr>\n<td>2.7.<\/td>\n<td>10:30<\/td>\n<td><strong>Objav p\u00f4vab pyrografie<\/strong> \/ SmartLab<\/td>\n<td>od 9 rokov v sprievode dospel\u00e9ho<\/td>\n<td><strong><a href=\"https:\/\/forms.gle\/42zyUKKyc8YSti48A\">https:\/\/forms.gle\/42zyUKKyc8YSti48A<\/a><\/strong><\/td>\n<\/tr>\n<tr>\n<td>3.7.<\/td>\n<td>10:30<\/td>\n<td><strong>Pir\u00e1tske lode z korku<\/strong><\/td>\n<td>od 8 do 11 rokov v sprievode dospel\u00e9ho<\/td>\n<td><a href=\"https:\/\/forms.gle\/Vz2UeLyjMJmhipfMA\"><strong>https:\/\/forms.gle\/Vz2UeLyjMJmhipfMA<\/strong><\/a><\/td>\n<\/tr>\n<tr>\n<td>8.7.<\/td>\n<td>10:30<\/td>\n<td><strong>U\u017eito\u010dn\u00fd hmyz okolo n\u00e1s<\/strong><\/td>\n<td>od 6 do 9 rokov v sprievode dospel\u00e9ho<\/td>\n<td><a href=\"https:\/\/forms.gle\/QPfB7DhSMSFKHUh77\"><strong>https:\/\/forms.gle\/QPfB7DhSMSFKHUh77<\/strong><\/a><\/td>\n<\/tr>\n<tr>\n<td>9.7.<\/td>\n<td>16:00<\/td>\n<td><strong>Ve\u010dern\u00fd tvoriv\u00fd klub<\/strong> \/ Mie\u0161anie farieb a ma\u013eba krajiny<\/td>\n<td>od 12 rokov ; materi\u00e1l 3\u20ac<\/td>\n<td><a href=\"mailto:tvorivedielne@krajskakniznicazilina.sk\"><strong>tvorivedielne@krajskakniznicazilina.sk<\/strong><\/a><\/td>\n<\/tr>\n<tr>\n<td>10.7.<\/td>\n<td>10:30<\/td>\n<td><strong>Tvor\u00ed\u0161, tvor\u00edm, tvor\u00edme \/ Kol\u00e1\u017e<\/strong><\/td>\n<td>od 5 do 10 rokov v sprievode dospel\u00e9ho<\/td>\n<td><strong>nie je potrebn\u00e9 prihl\u00e1senie vopred<\/strong><\/td>\n<\/tr>\n<tr>\n<td>14.7.<\/td>\n<td>10:30<\/td>\n<td><strong>Letn\u00e1 \u0161achov\u00e1 s\u00fa\u0165a\u017e<\/strong><\/td>\n<td>od 5 do 15 rokov<\/td>\n<td><a href=\"https:\/\/forms.gle\/PVpM4Su8whissGYT6\"><strong>https:\/\/forms.gle\/PVpM4Su8whissGYT6<\/strong><\/a><\/td>\n<\/tr>\n<tr>\n<td>15.7.<\/td>\n<td>10:30<\/td>\n<td><strong>Klub u Knihu\u013eky \/ N\u00e1\u0161 kamar\u00e1t Boribon<\/strong><\/td>\n<td>od 2 do 4 rokov v sprievode dospel\u00e9ho<\/td>\n<td><a href=\"https:\/\/forms.gle\/smsxujMZmK2ivBjm6\"><strong>https:\/\/forms.gle\/smsxujMZmK2ivBjm6<\/strong><\/a><\/td>\n<\/tr>\n<tr>\n<td>15.7.<\/td>\n<td>10:30<\/td>\n<td><strong>Teen summer \/ Papiermach\u00e9 Project I<\/strong><\/td>\n<td>od 13 rokov<\/td>\n<td><strong>nie je potrebn\u00e9 prihl\u00e1senie vopred<\/strong><\/td>\n<\/tr>\n<tr>\n<td>16.7.<\/td>\n<td>16:00<\/td>\n<td><strong>Klub Nez\u00e1budka<\/strong><\/td>\n<td>podporn\u00e1 skupina du\u0161evn\u00e9ho zdravia<\/td>\n<td>\u00a0<strong>nie je potrebn\u00e9 prihl\u00e1senie vopred<\/strong><\/td>\n<\/tr>\n<tr>\n<td>17.7.<\/td>\n<td>10:30<\/td>\n<td><strong>3D modelovanie a 3D tla\u010d<\/strong> \/ SmartLab<\/td>\n<td>od 10 rokov v sprievode dospel\u00e9ho<\/td>\n<td><a href=\"https:\/\/forms.gle\/DfvJp5dSqmDzWcSo7\"><strong>https:\/\/forms.gle\/DfvJp5dSqmDzWcSo7<\/strong><\/a><\/td>\n<\/tr>\n<tr>\n<td>17.7.<\/td>\n<td>17:00<\/td>\n<td><strong>Oddycholympi\u00e1da<\/strong><\/td>\n<td>od 18 rokov<\/td>\n<td><strong>nie je potrebn\u00e9 prihl\u00e1senie vopred<\/strong><\/td>\n<\/tr>\n<tr>\n<td>21.7.<\/td>\n<td>14:45<\/td>\n<td><strong>Vybran\u00e9 z reg\u00e1lu III<\/strong><\/td>\n<td>od 15 rokov<\/td>\n<td><strong>nie je potrebn\u00e9 prihl\u00e1senie vopred<\/strong><\/td>\n<\/tr>\n<tr>\n<td>23.7.<\/td>\n<td>10:30<\/td>\n<td><strong>Ozobot Evo<\/strong>\u00a0\/ SmartLab<\/td>\n<td>od 6 rokov v sprievode dospel\u00e9ho<\/td>\n<td><a href=\"https:\/\/forms.gle\/m2s2w6FP1ejV7bzAA\"><strong>https:\/\/forms.gle\/m2s2w6FP1ejV7bzAA<\/strong><\/a><\/td>\n<\/tr>\n<tr>\n<td>24.7.<\/td>\n<td>10:30<\/td>\n<td><strong>Micro:bit<\/strong> \/ SmartLab<\/td>\n<td>od 9 rokov v sprievode dospel\u00e9ho<\/td>\n<td><a href=\"https:\/\/forms.gle\/t8YMmmabWRjGWL8w9\"><strong>https:\/\/forms.gle\/t8YMmmabWRjGWL8w9<\/strong><\/a><\/td>\n<\/tr>\n<tr>\n<td>29.7.<\/td>\n<td>10:30<\/td>\n<td><strong>Teen summer \/ Papiermach\u00e9 Project II<\/strong><\/td>\n<td>od 13 rokov<\/td>\n<td><strong>nie je potrebn\u00e9 prihl\u00e1senie vopred<\/strong><\/td>\n<\/tr>\n<tr>\n<td>29.7.<\/td>\n<td>10:30<\/td>\n<td><strong>H\u013eada\u010di tajomstiev<\/strong><\/td>\n<td>od 7 do 11 rokov v sprievode dospel\u00e9ho<\/td>\n<td><a href=\"https:\/\/forms.gle\/6q8gwRBNvVotnzGg6\"><strong>https:\/\/forms.gle\/6q8gwRBNvVotnzGg6<\/strong><\/a><\/td>\n<\/tr>\n<tr>\n<td>30.7.<\/td>\n<td>16:00<\/td>\n<td><strong>Klub Nez\u00e1budka<\/strong><\/td>\n<td>podporn\u00e1 skupina du\u0161evn\u00e9ho zdravia<\/td>\n<td>\u00a0<strong>nie je potrebn\u00e9 prihl\u00e1senie vopred<\/strong><\/td>\n<\/tr>\n<tr>\n<td>31.7.<\/td>\n<td>10:30<\/td>\n<td><strong>Ako sme h\u013eadali kamar\u00e1ta<\/strong><\/td>\n<td>od 5 do 9 rokov v sprievode dospel\u00e9ho<\/td>\n<td><strong>nie je potrebn\u00e9 prihl\u00e1senie vopred<\/strong><\/td>\n<\/tr>\n<tr>\n<td>31.7.<\/td>\n<td>10:30<\/td>\n<td><strong>\u0160ije ti?<\/strong> \/ SmartLab<\/td>\n<td>od 15 rokov<\/td>\n<td><a href=\"https:\/\/forms.gle\/uqxRfNrTF1GPxGLj8\"><strong>https:\/\/forms.gle\/uqxRfNrTF1GPxGLj8<\/strong><\/a><\/td>\n<\/tr>\n<\/tbody>\n<\/table>\n<p>Klubov\u00e9 stretnutia:<\/p>\n<p>ka\u017ed\u00fd <strong>utorok o 13:00 &#8211; Smart hodinka pre seniorov<\/strong><\/p>\n<p>ka\u017ed\u00fd <strong>utorok o 14:00 &#8211; Klub ru\u010dn\u00fdch pr\u00e1c<\/strong><\/p>\n<p>V\u00fdstavy:<\/p>\n<p><strong>J\u00e1n Fr\u00e1trik<\/strong> &#8211; predstavene osobnosti prostredn\u00edctvom literat\u00fary a \u010dl\u00e1nkov z fondu KKZA<\/p>\n<p><strong>Slnko v du\u0161i &#8211;<\/strong> \u00a0v\u00fdstava tvorby \u017eiakov \u0161peci\u00e1lnych \u0161k\u00f4l a \u0161kolsk\u00fdch zariaden\u00ed zo \u017dilinsk\u00e9ho kraja<\/p>\n","protected":false},"excerpt":{"rendered":"<p>d\u00e1tum \u010das n\u00e1zov podujatia vekov\u00e9 ur\u010denie prihlasovanie 1.7. 10:30 Po\u010fme spolu batikova\u0165 od 9 do 12 rokov v sprievode dospel\u00e9ho https:\/\/forms.gle\/5meijWxVctcTFTBY6 2.7. 10:30 Objav p\u00f4vab pyrografie \/ SmartLab od 9 rokov v sprievode dospel\u00e9ho https:\/\/forms.gle\/42zyUKKyc8YSti48A 3.7. 10:30 Pir\u00e1tske lode z korku od 8 do 11 rokov v sprievode dospel\u00e9ho https:\/\/forms.gle\/Vz2UeLyjMJmhipfMA 8.7. 10:30 U\u017eito\u010dn\u00fd hmyz okolo &#8230; <a title=\"Program \/ j\u00fal 2025\" class=\"read-more\" href=\"https:\/\/www.krajskakniznicazilina.sk\/index.php\/2025\/06\/20\/program-jul-2025\/\" aria-label=\"Pre\u010d\u00edtajte si viac o Program \/ j\u00fal 2025\">\u010c\u00edta\u0165 viac<\/a><\/p>\n","protected":false},"author":1,"featured_media":0,"comment_status":"open","ping_status":"open","sticky":false,"template":"","format":"image","meta":{"footnotes":""},"categories":[12,17],"tags":[],"class_list":["post-15363","post","type-post","status-publish","format-image","hentry","category-podujatie","category-program","post_format-post-format-image"],"_links":{"self":[{"href":"https:\/\/www.krajskakniznicazilina.sk\/index.php\/wp-json\/wp\/v2\/posts\/15363","targetHints":{"allow":["GET"]}}],"collection":[{"href":"https:\/\/www.krajskakniznicazilina.sk\/index.php\/wp-json\/wp\/v2\/posts"}],"about":[{"href":"https:\/\/www.krajskakniznicazilina.sk\/index.php\/wp-json\/wp\/v2\/types\/post"}],"author":[{"embeddable":true,"href":"https:\/\/www.krajskakniznicazilina.sk\/index.php\/wp-json\/wp\/v2\/users\/1"}],"replies":[{"embeddable":true,"href":"https:\/\/www.krajskakniznicazilina.sk\/index.php\/wp-json\/wp\/v2\/comments?post=15363"}],"version-history":[{"count":34,"href":"https:\/\/www.krajskakniznicazilina.sk\/index.php\/wp-json\/wp\/v2\/posts\/15363\/revisions"}],"predecessor-version":[{"id":15524,"href":"https:\/\/www.krajskakniznicazilina.sk\/index.php\/wp-json\/wp\/v2\/posts\/15363\/revisions\/15524"}],"wp:attachment":[{"href":"https:\/\/www.krajskakniznicazilina.sk\/index.php\/wp-json\/wp\/v2\/media?parent=15363"}],"wp:term":[{"taxonomy":"category","embeddable":true,"href":"https:\/\/www.krajskakniznicazilina.sk\/index.php\/wp-json\/wp\/v2\/categories?post=15363"},{"taxonomy":"post_tag","embeddable":true,"href":"https:\/\/www.krajskakniznicazilina.sk\/index.php\/wp-json\/wp\/v2\/tags?post=15363"}],"curies":[{"name":"wp","href":"https:\/\/api.w.org\/{rel}","templated":true}]}}