{"id":1544,"date":"2018-05-10T09:10:52","date_gmt":"2018-05-10T07:10:52","guid":{"rendered":"http:\/\/www.krajskakniznicazilina.sk\/?p=1544"},"modified":"2018-10-11T08:26:26","modified_gmt":"2018-10-11T06:26:26","slug":"projekt-green-life-prales-detom","status":"publish","type":"post","link":"https:\/\/www.krajskakniznicazilina.sk\/index.php\/2018\/05\/10\/projekt-green-life-prales-detom\/","title":{"rendered":"Projekt Green Life \u2013 prales de\u0165om"},"content":{"rendered":"<p style=\"text-align: justify;\"><a href=\"http:\/\/www.krajskakniznicazilina.sk\/clanky\/2018\/05\/green.jpg\"><img decoding=\"async\" class=\"alignright size-medium\" src=\"http:\/\/www.krajskakniznicazilina.sk\/clanky\/2018\/05\/green.jpg\" width=\"40%\" height=\"40%\" \/><\/a><\/p>\n<p style=\"text-align: justify;\">\u010cesko-slovensk\u00e1 neziskov\u00e1 organiz\u00e1cia Projekt Green Life m\u00e1 svoje hlavn\u00e9 p\u00f4sobisko na Sumatre, kde sa zameriava na ochranu da\u017e\u010fov\u00e9ho pralesa a\u00a0ohrozen\u00fdch druhov zvierat. Okrem toho maj\u00fa aj Projekt Blue Life, ktor\u00e9ho hlavn\u00fdm cie\u013eom je ochrana \u017eivo\u010d\u00edchov a\u00a0podmorsk\u00e9ho sveta od plastov\u00fdch n\u00e1strah. Pr\u00ed\u010fte si vypo\u010du\u0165 viac o\u00a0t\u00fdchto aktivit\u00e1ch <strong>16. m\u00e1ja o\u00a017:00 v<\/strong>\u00a0Krajskej kni\u017enici v\u00a0\u017diline.<\/p>\n","protected":false},"excerpt":{"rendered":"<p>\u010cesko-slovensk\u00e1 neziskov\u00e1 organiz\u00e1cia Projekt Green Life m\u00e1 svoje hlavn\u00e9 p\u00f4sobisko na Sumatre, kde sa zameriava na ochranu da\u017e\u010fov\u00e9ho pralesa a\u00a0ohrozen\u00fdch druhov zvierat. Okrem toho maj\u00fa aj Projekt Blue Life, ktor\u00e9ho hlavn\u00fdm cie\u013eom je ochrana \u017eivo\u010d\u00edchov a\u00a0podmorsk\u00e9ho sveta od plastov\u00fdch n\u00e1strah. Pr\u00ed\u010fte si vypo\u010du\u0165 viac o\u00a0t\u00fdchto aktivit\u00e1ch 16. m\u00e1ja o\u00a017:00 v\u00a0Krajskej kni\u017enici v\u00a0\u017diline.<\/p>\n","protected":false},"author":1,"featured_media":0,"comment_status":"open","ping_status":"open","sticky":false,"template":"","format":"image","meta":{"footnotes":""},"categories":[12,22],"tags":[],"class_list":["post-1544","post","type-post","status-publish","format-image","hentry","category-podujatie","category-prednaska","post_format-post-format-image"],"_links":{"self":[{"href":"https:\/\/www.krajskakniznicazilina.sk\/index.php\/wp-json\/wp\/v2\/posts\/1544","targetHints":{"allow":["GET"]}}],"collection":[{"href":"https:\/\/www.krajskakniznicazilina.sk\/index.php\/wp-json\/wp\/v2\/posts"}],"about":[{"href":"https:\/\/www.krajskakniznicazilina.sk\/index.php\/wp-json\/wp\/v2\/types\/post"}],"author":[{"embeddable":true,"href":"https:\/\/www.krajskakniznicazilina.sk\/index.php\/wp-json\/wp\/v2\/users\/1"}],"replies":[{"embeddable":true,"href":"https:\/\/www.krajskakniznicazilina.sk\/index.php\/wp-json\/wp\/v2\/comments?post=1544"}],"version-history":[{"count":4,"href":"https:\/\/www.krajskakniznicazilina.sk\/index.php\/wp-json\/wp\/v2\/posts\/1544\/revisions"}],"predecessor-version":[{"id":2414,"href":"https:\/\/www.krajskakniznicazilina.sk\/index.php\/wp-json\/wp\/v2\/posts\/1544\/revisions\/2414"}],"wp:attachment":[{"href":"https:\/\/www.krajskakniznicazilina.sk\/index.php\/wp-json\/wp\/v2\/media?parent=1544"}],"wp:term":[{"taxonomy":"category","embeddable":true,"href":"https:\/\/www.krajskakniznicazilina.sk\/index.php\/wp-json\/wp\/v2\/categories?post=1544"},{"taxonomy":"post_tag","embeddable":true,"href":"https:\/\/www.krajskakniznicazilina.sk\/index.php\/wp-json\/wp\/v2\/tags?post=1544"}],"curies":[{"name":"wp","href":"https:\/\/api.w.org\/{rel}","templated":true}]}}