{"id":15455,"date":"2025-07-24T07:01:33","date_gmt":"2025-07-24T05:01:33","guid":{"rendered":"https:\/\/www.krajskakniznicazilina.sk\/?p=15455"},"modified":"2025-07-30T12:58:21","modified_gmt":"2025-07-30T10:58:21","slug":"s-legom-trochu-inak-smartlab","status":"publish","type":"post","link":"https:\/\/www.krajskakniznicazilina.sk\/index.php\/2025\/07\/24\/s-legom-trochu-inak-smartlab\/","title":{"rendered":"S LEGOM trochu inak \/ SmartLab"},"content":{"rendered":"<p style=\"text-align: justify;\"><a href=\"https:\/\/www.krajskakniznicazilina.sk\/clanky\/2025\/08\/lego%20smartlab.jpg\"><img decoding=\"async\" class=\"alignright size-medium\" src=\"https:\/\/www.krajskakniznicazilina.sk\/clanky\/2025\/08\/lego%20smartlab.jpg\" alt=\"plag\u00e1t\" width=\"40%\" height=\"40%\" \/><\/a><\/p>\n<p style=\"text-align: justify;\">Na workshope s LEGOm sa \u00fa\u010dastn\u00edci podujatia nau\u010dia programova\u0165 v softv\u00e9ri Scratch. Stretneme sa v Krajskej kni\u017enici v \u017diline vo \u0161tvrtok<strong> 14. augusta o 10:30<\/strong>. Tvorbou nieko\u013eko r\u00f4znych robotov si \u00fa\u010dastn\u00edci osvoja z\u00e1kladn\u00e9 technick\u00e9 zru\u010dnosti a z\u00edskaj\u00fa nov\u00fd poh\u013ead na svet robotiky. Podujatie je vhodn\u00e9 pre deti <strong>od 10 rokov<\/strong> v sprievode rodi\u010da alebo star\u00fdch rodi\u010dov. <strong>Prihlasovanie cez formul\u00e1r: <a href=\"https:\/\/forms.gle\/AWyoUDTRRMMkRqZ49\">https:\/\/forms.gle\/AWyoUDTRRMMkRqZ49<\/a><\/strong><\/p>\n<p style=\"text-align: justify;\">Realizovan\u00e9 v spolupr\u00e1ci s Centrom vedecko-technick\u00fdch inform\u00e1ci\u00ed SR ako priamo riadenej organiz\u00e1cii M\u0160VVaM SR v r\u00e1mci implement\u00e1cie opatrenia Podporovanie rozvoja inteligentn\u00fdch laborat\u00f3ri\u00ed v kni\u017eniciach Ak\u010dn\u00e9ho pl\u00e1nu N\u00e1rodnej strat\u00e9gie v\u00fdskumu, v\u00fdvoja a inov\u00e1ci\u00ed 2030.<\/p>\n","protected":false},"excerpt":{"rendered":"<p>Na workshope s LEGOm sa \u00fa\u010dastn\u00edci podujatia nau\u010dia programova\u0165 v softv\u00e9ri Scratch. Stretneme sa v Krajskej kni\u017enici v \u017diline vo \u0161tvrtok 14. augusta o 10:30. Tvorbou nieko\u013eko r\u00f4znych robotov si \u00fa\u010dastn\u00edci osvoja z\u00e1kladn\u00e9 technick\u00e9 zru\u010dnosti a z\u00edskaj\u00fa nov\u00fd poh\u013ead na svet robotiky. Podujatie je vhodn\u00e9 pre deti od 10 rokov v sprievode rodi\u010da alebo star\u00fdch &#8230; <a title=\"S LEGOM trochu inak \/ SmartLab\" class=\"read-more\" href=\"https:\/\/www.krajskakniznicazilina.sk\/index.php\/2025\/07\/24\/s-legom-trochu-inak-smartlab\/\" aria-label=\"Pre\u010d\u00edtajte si viac o S LEGOM trochu inak \/ SmartLab\">\u010c\u00edta\u0165 viac<\/a><\/p>\n","protected":false},"author":1,"featured_media":0,"comment_status":"open","ping_status":"open","sticky":false,"template":"","format":"image","meta":{"footnotes":""},"categories":[30,12,73,74],"tags":[],"class_list":["post-15455","post","type-post","status-publish","format-image","hentry","category-detske-leto","category-podujatie","category-pre-deti","category-makerspace","post_format-post-format-image"],"_links":{"self":[{"href":"https:\/\/www.krajskakniznicazilina.sk\/index.php\/wp-json\/wp\/v2\/posts\/15455","targetHints":{"allow":["GET"]}}],"collection":[{"href":"https:\/\/www.krajskakniznicazilina.sk\/index.php\/wp-json\/wp\/v2\/posts"}],"about":[{"href":"https:\/\/www.krajskakniznicazilina.sk\/index.php\/wp-json\/wp\/v2\/types\/post"}],"author":[{"embeddable":true,"href":"https:\/\/www.krajskakniznicazilina.sk\/index.php\/wp-json\/wp\/v2\/users\/1"}],"replies":[{"embeddable":true,"href":"https:\/\/www.krajskakniznicazilina.sk\/index.php\/wp-json\/wp\/v2\/comments?post=15455"}],"version-history":[{"count":3,"href":"https:\/\/www.krajskakniznicazilina.sk\/index.php\/wp-json\/wp\/v2\/posts\/15455\/revisions"}],"predecessor-version":[{"id":15591,"href":"https:\/\/www.krajskakniznicazilina.sk\/index.php\/wp-json\/wp\/v2\/posts\/15455\/revisions\/15591"}],"wp:attachment":[{"href":"https:\/\/www.krajskakniznicazilina.sk\/index.php\/wp-json\/wp\/v2\/media?parent=15455"}],"wp:term":[{"taxonomy":"category","embeddable":true,"href":"https:\/\/www.krajskakniznicazilina.sk\/index.php\/wp-json\/wp\/v2\/categories?post=15455"},{"taxonomy":"post_tag","embeddable":true,"href":"https:\/\/www.krajskakniznicazilina.sk\/index.php\/wp-json\/wp\/v2\/tags?post=15455"}],"curies":[{"name":"wp","href":"https:\/\/api.w.org\/{rel}","templated":true}]}}