{"id":15457,"date":"2025-07-29T07:02:18","date_gmt":"2025-07-29T05:02:18","guid":{"rendered":"https:\/\/www.krajskakniznicazilina.sk\/?p=15457"},"modified":"2025-07-29T07:39:28","modified_gmt":"2025-07-29T05:39:28","slug":"vzdelavanie-s-mbotom-smartlab","status":"publish","type":"post","link":"https:\/\/www.krajskakniznicazilina.sk\/index.php\/2025\/07\/29\/vzdelavanie-s-mbotom-smartlab\/","title":{"rendered":"Vzdel\u00e1vanie s mBotom \/ SmartLab"},"content":{"rendered":"<p style=\"text-align: justify;\"><a href=\"https:\/\/www.krajskakniznicazilina.sk\/clanky\/2025\/08\/mbot%20smartlab.jpg\"><img decoding=\"async\" class=\"size-medium alignleft\" src=\"https:\/\/www.krajskakniznicazilina.sk\/clanky\/2025\/08\/mbot%20smartlab.jpg\" alt=\"plag\u00e1t\" width=\"40%\" height=\"40%\" \/><\/a>Pokro\u010dilej\u0161\u00ed robot mBot sa pou\u017e\u00edva na v\u00fdu\u010dbu z\u00e1kladov programovania pomocou vizu\u00e1lneho programovacieho jazyka. Te\u0161\u00edme sa na v\u00e1s v\u00a0utorok<strong> 19. augusta o\u00a010:30<\/strong> v Krajskej kni\u017enici v \u017diline. Podujatie je vhodn\u00e9 pre deti <strong>od 10 rokov<\/strong> v sprievode rodi\u010da alebo star\u00fdch rodi\u010dov. <strong>Prihlasovanie cez formul\u00e1r: <a href=\"https:\/\/forms.gle\/CDuQrHYEnHcMxjN96\">https:\/\/forms.gle\/CDuQrHYEnHcMxjN96<\/a><\/strong><\/p>\n<p style=\"text-align: justify;\"><em>Realizovan\u00e9 v spolupr\u00e1ci s Centrom vedecko-technick\u00fdch inform\u00e1ci\u00ed SR ako priamo riadenej organiz\u00e1cii M\u0160VVaM SR v r\u00e1mci implement\u00e1cie opatrenia Podporovanie rozvoja inteligentn\u00fdch laborat\u00f3ri\u00ed v kni\u017eniciach Ak\u010dn\u00e9ho pl\u00e1nu N\u00e1rodnej strat\u00e9gie v\u00fdskumu, v\u00fdvoja a inov\u00e1ci\u00ed 2030.<\/em><\/p>\n","protected":false},"excerpt":{"rendered":"<p>Pokro\u010dilej\u0161\u00ed robot mBot sa pou\u017e\u00edva na v\u00fdu\u010dbu z\u00e1kladov programovania pomocou vizu\u00e1lneho programovacieho jazyka. Te\u0161\u00edme sa na v\u00e1s v\u00a0utorok 19. augusta o\u00a010:30 v Krajskej kni\u017enici v \u017diline. Podujatie je vhodn\u00e9 pre deti od 10 rokov v sprievode rodi\u010da alebo star\u00fdch rodi\u010dov. Prihlasovanie cez formul\u00e1r: https:\/\/forms.gle\/CDuQrHYEnHcMxjN96 Realizovan\u00e9 v spolupr\u00e1ci s Centrom vedecko-technick\u00fdch inform\u00e1ci\u00ed SR ako priamo riadenej &#8230; <a title=\"Vzdel\u00e1vanie s mBotom \/ SmartLab\" class=\"read-more\" href=\"https:\/\/www.krajskakniznicazilina.sk\/index.php\/2025\/07\/29\/vzdelavanie-s-mbotom-smartlab\/\" aria-label=\"Pre\u010d\u00edtajte si viac o Vzdel\u00e1vanie s mBotom \/ SmartLab\">\u010c\u00edta\u0165 viac<\/a><\/p>\n","protected":false},"author":1,"featured_media":0,"comment_status":"open","ping_status":"open","sticky":false,"template":"","format":"image","meta":{"footnotes":""},"categories":[30,12,73,74],"tags":[],"class_list":["post-15457","post","type-post","status-publish","format-image","hentry","category-detske-leto","category-podujatie","category-pre-deti","category-makerspace","post_format-post-format-image"],"_links":{"self":[{"href":"https:\/\/www.krajskakniznicazilina.sk\/index.php\/wp-json\/wp\/v2\/posts\/15457","targetHints":{"allow":["GET"]}}],"collection":[{"href":"https:\/\/www.krajskakniznicazilina.sk\/index.php\/wp-json\/wp\/v2\/posts"}],"about":[{"href":"https:\/\/www.krajskakniznicazilina.sk\/index.php\/wp-json\/wp\/v2\/types\/post"}],"author":[{"embeddable":true,"href":"https:\/\/www.krajskakniznicazilina.sk\/index.php\/wp-json\/wp\/v2\/users\/1"}],"replies":[{"embeddable":true,"href":"https:\/\/www.krajskakniznicazilina.sk\/index.php\/wp-json\/wp\/v2\/comments?post=15457"}],"version-history":[{"count":2,"href":"https:\/\/www.krajskakniznicazilina.sk\/index.php\/wp-json\/wp\/v2\/posts\/15457\/revisions"}],"predecessor-version":[{"id":15574,"href":"https:\/\/www.krajskakniznicazilina.sk\/index.php\/wp-json\/wp\/v2\/posts\/15457\/revisions\/15574"}],"wp:attachment":[{"href":"https:\/\/www.krajskakniznicazilina.sk\/index.php\/wp-json\/wp\/v2\/media?parent=15457"}],"wp:term":[{"taxonomy":"category","embeddable":true,"href":"https:\/\/www.krajskakniznicazilina.sk\/index.php\/wp-json\/wp\/v2\/categories?post=15457"},{"taxonomy":"post_tag","embeddable":true,"href":"https:\/\/www.krajskakniznicazilina.sk\/index.php\/wp-json\/wp\/v2\/tags?post=15457"}],"curies":[{"name":"wp","href":"https:\/\/api.w.org\/{rel}","templated":true}]}}