{"id":1547,"date":"2018-05-10T09:11:25","date_gmt":"2018-05-10T07:11:25","guid":{"rendered":"http:\/\/www.krajskakniznicazilina.sk\/?p=1547"},"modified":"2018-10-11T08:20:58","modified_gmt":"2018-10-11T06:20:58","slug":"klub-n-maj","status":"publish","type":"post","link":"https:\/\/www.krajskakniznicazilina.sk\/index.php\/2018\/05\/10\/klub-n-maj\/","title":{"rendered":"Klub N m\u00e1j"},"content":{"rendered":"<p><a href=\"http:\/\/www.krajskakniznicazilina.sk\/clanky\/2018\/05\/KlubNm%C3%A1j.jpg\"><img decoding=\"async\" class=\"alignright size-medium\" src=\"http:\/\/www.krajskakniznicazilina.sk\/clanky\/2018\/05\/KlubNm%C3%A1j.jpg\" width=\"40%\" height=\"40%\" \/><\/a><\/p>\n<p style=\"text-align: justify;\">Pre v\u0161etk\u00fdch priaznivcov klasickej literat\u00fary je v Krajskej kni\u017enici pripraven\u00fd liter\u00e1rny Klub N. V utorok <strong>22. m\u00e1ja o 16:30<\/strong> bude t\u00e9mou Guy de Maupassant. Prezentova\u0165 bude Nata\u0161a Stra\u0148ankov\u00e1.<\/p>\n","protected":false},"excerpt":{"rendered":"<p>Pre v\u0161etk\u00fdch priaznivcov klasickej literat\u00fary je v Krajskej kni\u017enici pripraven\u00fd liter\u00e1rny Klub N. V utorok 22. m\u00e1ja o 16:30 bude t\u00e9mou Guy de Maupassant. Prezentova\u0165 bude Nata\u0161a Stra\u0148ankov\u00e1.<\/p>\n","protected":false},"author":1,"featured_media":0,"comment_status":"open","ping_status":"open","sticky":false,"template":"","format":"image","meta":{"footnotes":""},"categories":[23,12],"tags":[],"class_list":["post-1547","post","type-post","status-publish","format-image","hentry","category-klub","category-podujatie","post_format-post-format-image"],"_links":{"self":[{"href":"https:\/\/www.krajskakniznicazilina.sk\/index.php\/wp-json\/wp\/v2\/posts\/1547","targetHints":{"allow":["GET"]}}],"collection":[{"href":"https:\/\/www.krajskakniznicazilina.sk\/index.php\/wp-json\/wp\/v2\/posts"}],"about":[{"href":"https:\/\/www.krajskakniznicazilina.sk\/index.php\/wp-json\/wp\/v2\/types\/post"}],"author":[{"embeddable":true,"href":"https:\/\/www.krajskakniznicazilina.sk\/index.php\/wp-json\/wp\/v2\/users\/1"}],"replies":[{"embeddable":true,"href":"https:\/\/www.krajskakniznicazilina.sk\/index.php\/wp-json\/wp\/v2\/comments?post=1547"}],"version-history":[{"count":4,"href":"https:\/\/www.krajskakniznicazilina.sk\/index.php\/wp-json\/wp\/v2\/posts\/1547\/revisions"}],"predecessor-version":[{"id":2412,"href":"https:\/\/www.krajskakniznicazilina.sk\/index.php\/wp-json\/wp\/v2\/posts\/1547\/revisions\/2412"}],"wp:attachment":[{"href":"https:\/\/www.krajskakniznicazilina.sk\/index.php\/wp-json\/wp\/v2\/media?parent=1547"}],"wp:term":[{"taxonomy":"category","embeddable":true,"href":"https:\/\/www.krajskakniznicazilina.sk\/index.php\/wp-json\/wp\/v2\/categories?post=1547"},{"taxonomy":"post_tag","embeddable":true,"href":"https:\/\/www.krajskakniznicazilina.sk\/index.php\/wp-json\/wp\/v2\/tags?post=1547"}],"curies":[{"name":"wp","href":"https:\/\/api.w.org\/{rel}","templated":true}]}}