{"id":15533,"date":"2025-07-21T07:04:35","date_gmt":"2025-07-21T05:04:35","guid":{"rendered":"https:\/\/www.krajskakniznicazilina.sk\/?p=15533"},"modified":"2025-07-21T09:17:56","modified_gmt":"2025-07-21T07:17:56","slug":"pribehovka","status":"publish","type":"post","link":"https:\/\/www.krajskakniznicazilina.sk\/index.php\/2025\/07\/21\/pribehovka\/","title":{"rendered":"Pr\u00edbehovka"},"content":{"rendered":"<p style=\"text-align: justify;\"><a href=\"https:\/\/www.krajskakniznicazilina.sk\/clanky\/2025\/08\/pr%C3%ADbehovka.jpg\"><img decoding=\"async\" class=\"alignleft size-medium\" src=\"https:\/\/www.krajskakniznicazilina.sk\/clanky\/2025\/08\/pr%C3%ADbehovka.jpg\" alt=\"plag\u00e1t\" width=\"40%\" height=\"40%\" \/><\/a>M\u00e1te radi knihy a neviete ak\u00e9 \u010fal\u0161ie by ste si po\u017ei\u010dali? Alebo m\u00e1te ve\u013ek\u00fa z\u00e1sobu \u010ditate\u013esk\u00fdch tipov? Podujatie <strong>Pr\u00edbehovka<\/strong> bude neform\u00e1lne liter\u00e1rne stretnutie ur\u010den\u00e9 pre \u010ditate\u013eov, autorov a v\u0161etk\u00fdch milovn\u00edkov pr\u00edbehov.<br \/>\nVydavate\u013estvo Pr\u00edbeh otvor\u00ed diskusiu o knihe <strong>Farba m\u00e1gie<\/strong> od Terryho Pratchetta, ktor\u00fa si \u00fa\u010dastn\u00edci m\u00f4\u017eu vopred po\u017ei\u010da\u0165 aj z fondu Krajskej kni\u017enice v \u017diline. N\u00e1sledne bude debata, kde sa budeme navz\u00e1jom in\u0161pirova\u0165 \u010ditate\u013esk\u00fdmi tipmi, z\u00e1\u017eitkami a odpor\u00fa\u010daniami.<br \/>\nV z\u00e1vere stretnutia bude pripraven\u00fd <strong>autorsk\u00fd blok<\/strong>, po\u010das ktor\u00e9ho dostan\u00fa priestor <span style=\"text-decoration: underline;\">\u010ditatelia, ktor\u00ed sami p\u00ed\u0161u<\/span> \u2013 teda amat\u00e9rski autori z radov n\u00e1v\u0161tevn\u00edkov. Bud\u00fa ma\u0165 mo\u017enos\u0165 predstavi\u0165 svoju tvorbu formou stru\u010dnej anot\u00e1cie alebo kr\u00e1tkeho popisu diela. Takto chceme podpori\u0165 nielen \u010ditate\u013esk\u00fa, ale aj autorsk\u00fa komunitu.\u00a0Uvid\u00edme sa v\u00a0stredu <strong>6. augusta o\u00a017:00<\/strong> v Krajskej kni\u017enici v\u00a0\u017diline.<\/p>\n","protected":false},"excerpt":{"rendered":"<p>M\u00e1te radi knihy a neviete ak\u00e9 \u010fal\u0161ie by ste si po\u017ei\u010dali? Alebo m\u00e1te ve\u013ek\u00fa z\u00e1sobu \u010ditate\u013esk\u00fdch tipov? Podujatie Pr\u00edbehovka bude neform\u00e1lne liter\u00e1rne stretnutie ur\u010den\u00e9 pre \u010ditate\u013eov, autorov a v\u0161etk\u00fdch milovn\u00edkov pr\u00edbehov. Vydavate\u013estvo Pr\u00edbeh otvor\u00ed diskusiu o knihe Farba m\u00e1gie od Terryho Pratchetta, ktor\u00fa si \u00fa\u010dastn\u00edci m\u00f4\u017eu vopred po\u017ei\u010da\u0165 aj z fondu Krajskej kni\u017enice v \u017diline. &#8230; <a title=\"Pr\u00edbehovka\" class=\"read-more\" href=\"https:\/\/www.krajskakniznicazilina.sk\/index.php\/2025\/07\/21\/pribehovka\/\" aria-label=\"Pre\u010d\u00edtajte si viac o Pr\u00edbehovka\">\u010c\u00edta\u0165 viac<\/a><\/p>\n","protected":false},"author":1,"featured_media":0,"comment_status":"open","ping_status":"open","sticky":false,"template":"","format":"image","meta":{"footnotes":""},"categories":[12,46],"tags":[],"class_list":["post-15533","post","type-post","status-publish","format-image","hentry","category-podujatie","category-tip-na-knihu","post_format-post-format-image"],"_links":{"self":[{"href":"https:\/\/www.krajskakniznicazilina.sk\/index.php\/wp-json\/wp\/v2\/posts\/15533","targetHints":{"allow":["GET"]}}],"collection":[{"href":"https:\/\/www.krajskakniznicazilina.sk\/index.php\/wp-json\/wp\/v2\/posts"}],"about":[{"href":"https:\/\/www.krajskakniznicazilina.sk\/index.php\/wp-json\/wp\/v2\/types\/post"}],"author":[{"embeddable":true,"href":"https:\/\/www.krajskakniznicazilina.sk\/index.php\/wp-json\/wp\/v2\/users\/1"}],"replies":[{"embeddable":true,"href":"https:\/\/www.krajskakniznicazilina.sk\/index.php\/wp-json\/wp\/v2\/comments?post=15533"}],"version-history":[{"count":3,"href":"https:\/\/www.krajskakniznicazilina.sk\/index.php\/wp-json\/wp\/v2\/posts\/15533\/revisions"}],"predecessor-version":[{"id":15536,"href":"https:\/\/www.krajskakniznicazilina.sk\/index.php\/wp-json\/wp\/v2\/posts\/15533\/revisions\/15536"}],"wp:attachment":[{"href":"https:\/\/www.krajskakniznicazilina.sk\/index.php\/wp-json\/wp\/v2\/media?parent=15533"}],"wp:term":[{"taxonomy":"category","embeddable":true,"href":"https:\/\/www.krajskakniznicazilina.sk\/index.php\/wp-json\/wp\/v2\/categories?post=15533"},{"taxonomy":"post_tag","embeddable":true,"href":"https:\/\/www.krajskakniznicazilina.sk\/index.php\/wp-json\/wp\/v2\/tags?post=15533"}],"curies":[{"name":"wp","href":"https:\/\/api.w.org\/{rel}","templated":true}]}}