{"id":15537,"date":"2025-07-30T07:02:08","date_gmt":"2025-07-30T05:02:08","guid":{"rendered":"https:\/\/www.krajskakniznicazilina.sk\/?p=15537"},"modified":"2025-08-20T10:04:44","modified_gmt":"2025-08-20T08:04:44","slug":"vladimir-ferko-juraj-vah-vystava","status":"publish","type":"post","link":"https:\/\/www.krajskakniznicazilina.sk\/index.php\/2025\/07\/30\/vladimir-ferko-juraj-vah-vystava\/","title":{"rendered":"Vladim\u00edr Ferko, Juraj V\u00e1h &#8211; v\u00fdstava"},"content":{"rendered":"<p style=\"text-align: justify;\"><strong><a href=\"https:\/\/www.krajskakniznicazilina.sk\/clanky\/2025\/08\/ferko,v%C3%A1h%20RBO.jpg\"><img decoding=\"async\" class=\"alignright size-medium\" src=\"https:\/\/www.krajskakniznicazilina.sk\/clanky\/2025\/08\/ferko,v%C3%A1h%20RBO.jpg\" alt=\"plag\u00e1t\" width=\"35%\" height=\"35%\" \/><\/a>V\u00fdstava<\/strong> vznikla pri pr\u00edle\u017eitosti 100. v\u00fdro\u010dia nedo\u017eit\u00fdch naroden\u00edn osobnost\u00ed. Predstav\u00edme V\u00e1m \u017eivot a v\u00fdber z tvorby slovensk\u00fdch spisovate\u013eov prostredn\u00edctvom literat\u00fary a \u010dl\u00e1nkov z fondu Krajskej kni\u017enice v \u017diline. V\u00fdstavu n\u00e1jdete na pr\u00edzem\u00ed Krajskej kni\u017enice v \u017diline po\u010das <strong>augusta a septembra<\/strong> 2025 (do 20.9.2025).<\/p>\n<p style=\"text-align: justify;\"><strong>Vladim\u00edr Ferko <\/strong>&#8211; prozaik, autor literat\u00fary faktu, publicista (* 10.8. 1925 Ve\u013ek\u00e9 Rovn\u00e9,\u00a0\u2020 24.10. 2002 Bratislava)<br \/>\nMedzi jeho najzn\u00e1mej\u0161ie liter\u00e1rne diela patria dobrodru\u017en\u00fd chlap\u010densk\u00fd rom\u00e1n \u010cerven\u00fd delf\u00edn, detsk\u00e1 kni\u017eka Mal\u00fd zelink\u00e1r a zbierky poviedok Konopn\u00fd kr\u00ed\u017e, \u010certovo rebro \u010di Ako div\u00e9 husi. Okrem toho sa venoval aj faktografickej literat\u00fare a nap\u00edsal viacero v\u00fdznamn\u00fdch a odborn\u00fdch kn\u00edh, napr\u00edklad Knihu o Slovensku, Svetom, moje, svetom, Slovensko, moja vlas\u0165 a \u010fal\u0161ie.<\/p>\n<p style=\"text-align: justify;\"><strong>Juraj V\u00e1h<\/strong> &#8211;\u00a0dramatik,\u00a0prozaik\u00a0a\u00a0prekladate\u013e (* 29.8. 1925 \u017dilina,\u00a0\u2020 3.10. 1976 \u017dilina)<br \/>\nAko dramaturg bol p\u00f4vodcom viacer\u00fdch dramatiz\u00e1ci\u00ed pod\u013ea predl\u00f4h svetov\u00fdch autorov. Autor prozaick\u00fdch pr\u00e1c, divadeln\u00fdch a rozhlasov\u00fdch hier, telev\u00edznych scen\u00e1rov, v ktor\u00fdch rie\u0161il dramatick\u00e9 konflikty vn\u00fatorn\u00e9ho sveta \u010dloveka, zvl\u00e1\u0161\u0165 v tzv. krajn\u00fdch situ\u00e1ci\u00e1ch ohrozuj\u00facich \u017eivot. Osobitn\u00e9 miesto v jeho tvorbe m\u00e1 detekt\u00edvny rom\u00e1n. Posmrtne vy\u0161iel rom\u00e1n s vojnovou tematikou a zbierka rozhlasov\u00fdch noviel. Divadeln\u00e9 kritiky a recenzie uverej\u0148oval v novin\u00e1ch a kult\u00farnych \u010dasopisoch.<\/p>\n","protected":false},"excerpt":{"rendered":"<p>V\u00fdstava vznikla pri pr\u00edle\u017eitosti 100. v\u00fdro\u010dia nedo\u017eit\u00fdch naroden\u00edn osobnost\u00ed. Predstav\u00edme V\u00e1m \u017eivot a v\u00fdber z tvorby slovensk\u00fdch spisovate\u013eov prostredn\u00edctvom literat\u00fary a \u010dl\u00e1nkov z fondu Krajskej kni\u017enice v \u017diline. V\u00fdstavu n\u00e1jdete na pr\u00edzem\u00ed Krajskej kni\u017enice v \u017diline po\u010das augusta a septembra 2025 (do 20.9.2025). Vladim\u00edr Ferko &#8211; prozaik, autor literat\u00fary faktu, publicista (* 10.8. 1925 Ve\u013ek\u00e9 &#8230; <a title=\"Vladim\u00edr Ferko, Juraj V\u00e1h &#8211; v\u00fdstava\" class=\"read-more\" href=\"https:\/\/www.krajskakniznicazilina.sk\/index.php\/2025\/07\/30\/vladimir-ferko-juraj-vah-vystava\/\" aria-label=\"Pre\u010d\u00edtajte si viac o Vladim\u00edr Ferko, Juraj V\u00e1h &#8211; v\u00fdstava\">\u010c\u00edta\u0165 viac<\/a><\/p>\n","protected":false},"author":1,"featured_media":0,"comment_status":"open","ping_status":"open","sticky":false,"template":"","format":"image","meta":{"footnotes":""},"categories":[15],"tags":[],"class_list":["post-15537","post","type-post","status-publish","format-image","hentry","category-vystava","post_format-post-format-image"],"_links":{"self":[{"href":"https:\/\/www.krajskakniznicazilina.sk\/index.php\/wp-json\/wp\/v2\/posts\/15537","targetHints":{"allow":["GET"]}}],"collection":[{"href":"https:\/\/www.krajskakniznicazilina.sk\/index.php\/wp-json\/wp\/v2\/posts"}],"about":[{"href":"https:\/\/www.krajskakniznicazilina.sk\/index.php\/wp-json\/wp\/v2\/types\/post"}],"author":[{"embeddable":true,"href":"https:\/\/www.krajskakniznicazilina.sk\/index.php\/wp-json\/wp\/v2\/users\/1"}],"replies":[{"embeddable":true,"href":"https:\/\/www.krajskakniznicazilina.sk\/index.php\/wp-json\/wp\/v2\/comments?post=15537"}],"version-history":[{"count":2,"href":"https:\/\/www.krajskakniznicazilina.sk\/index.php\/wp-json\/wp\/v2\/posts\/15537\/revisions"}],"predecessor-version":[{"id":15693,"href":"https:\/\/www.krajskakniznicazilina.sk\/index.php\/wp-json\/wp\/v2\/posts\/15537\/revisions\/15693"}],"wp:attachment":[{"href":"https:\/\/www.krajskakniznicazilina.sk\/index.php\/wp-json\/wp\/v2\/media?parent=15537"}],"wp:term":[{"taxonomy":"category","embeddable":true,"href":"https:\/\/www.krajskakniznicazilina.sk\/index.php\/wp-json\/wp\/v2\/categories?post=15537"},{"taxonomy":"post_tag","embeddable":true,"href":"https:\/\/www.krajskakniznicazilina.sk\/index.php\/wp-json\/wp\/v2\/tags?post=15537"}],"curies":[{"name":"wp","href":"https:\/\/api.w.org\/{rel}","templated":true}]}}