{"id":15542,"date":"2025-07-23T10:02:00","date_gmt":"2025-07-23T08:02:00","guid":{"rendered":"https:\/\/www.krajskakniznicazilina.sk\/?p=15542"},"modified":"2025-07-23T13:28:03","modified_gmt":"2025-07-23T11:28:03","slug":"program-august-2025","status":"publish","type":"post","link":"https:\/\/www.krajskakniznicazilina.sk\/index.php\/2025\/07\/23\/program-august-2025\/","title":{"rendered":"Program \/ august 2025"},"content":{"rendered":"<table style=\"height: 298px;\" width=\"1210\">\n<tbody>\n<tr>\n<td><strong>d\u00e1tum<\/strong><\/td>\n<td><strong>\u010das<\/strong><\/td>\n<td><strong>n\u00e1zov podujatia<\/strong><\/td>\n<td><strong>vekov\u00e9 ur\u010denie<\/strong><\/td>\n<td><strong>prihlasovanie<\/strong><\/td>\n<\/tr>\n<tr>\n<td>5.8.<\/td>\n<td>10:30<\/td>\n<td><strong>Kni\u017enica a jej letn\u00e9 poklady<\/strong><\/td>\n<td>od 8 do 12 rokov v sprievode dospel\u00e9ho<\/td>\n<td><strong>nie je potrebn\u00e9 prihl\u00e1senie vopred<\/strong><\/td>\n<\/tr>\n<tr>\n<td>6.8.<\/td>\n<td>17:00<\/td>\n<td><strong>Pr\u00edbehovka<\/strong><\/td>\n<td>neform\u00e1lne stretnutie \u010ditate\u013eov, autorov a v\u0161etk\u00fdch milovn\u00edkov pr\u00edbehov<\/td>\n<td><strong>nie je potrebn\u00e9 prihl\u00e1senie vopred<\/strong><\/td>\n<\/tr>\n<tr>\n<td>7.8.<\/td>\n<td>10:30<\/td>\n<td><strong>Pravda alebo lo\u017e<\/strong><\/td>\n<td>od 8 do 12 rokov v sprievode dospel\u00e9ho<\/td>\n<td><strong>nie je potrebn\u00e9 prihl\u00e1senie vopred<\/strong><\/td>\n<\/tr>\n<tr>\n<td>7.8.<\/td>\n<td>17:00<\/td>\n<td><strong>Oddycholympi\u00e1da<\/strong><\/td>\n<td>od 18 rokov<\/td>\n<td><strong>nie je potrebn\u00e9 prihl\u00e1senie vopred<\/strong><\/td>\n<\/tr>\n<tr>\n<td>11.8.<\/td>\n<td>10:30<\/td>\n<td><strong>Letn\u00e1 \u0161achov\u00e1 s\u00fa\u0165a\u017e<\/strong><\/td>\n<td>od 5 do 15 rokov<\/td>\n<td>\u00a0<strong>nie je potrebn\u00e9 prihl\u00e1senie vopred<\/strong><\/td>\n<\/tr>\n<tr>\n<td>12.8.<\/td>\n<td>10:30<\/td>\n<td><strong>Hrn\u010dek s potla\u010dou<\/strong> \/ SmartLab<\/td>\n<td>od 9 rokov v sprievode dospel\u00e9ho<\/td>\n<td><a href=\"https:\/\/forms.gle\/EGeohtK1oQEocHXJA\"><strong>https:\/\/forms.gle\/EGeohtK1oQEocHXJA<\/strong><\/a><\/td>\n<\/tr>\n<tr>\n<td>12.8.<\/td>\n<td>10:30<\/td>\n<td><strong>Teen summer<\/strong> \/ Papiermach\u00e9 Project \/<strong>Retu\u0161, dekorovanie, ma\u013eba \u00a0<\/strong><\/td>\n<td>od 13 rokov<\/td>\n<td><strong>nie je potrebn\u00e9 prihl\u00e1senie vopred<\/strong><\/td>\n<\/tr>\n<tr>\n<td>13.8.<\/td>\n<td>16:00<\/td>\n<td><strong>Klub Nez\u00e1budka<\/strong><\/td>\n<td>podporn\u00e1 skupina du\u0161evn\u00e9ho zdravia<\/td>\n<td><strong>nie je potrebn\u00e9 prihl\u00e1senie vopred<\/strong><\/td>\n<\/tr>\n<tr>\n<td>14.8.<\/td>\n<td>10:30<\/td>\n<td><strong>S LEGOM trochu inak<\/strong> \/ SmartLab<\/td>\n<td>od 10 rokov v sprievode dospel\u00e9ho<\/td>\n<td><a href=\"https:\/\/forms.gle\/AWyoUDTRRMMkRqZ49\"><strong>https:\/\/forms.gle\/AWyoUDTRRMMkRqZ49<\/strong><\/a><\/td>\n<\/tr>\n<tr>\n<td>19.8.<\/td>\n<td>10:30<\/td>\n<td><strong>Klub u Knihu\u013eky<\/strong> \/ S \u00fasmevom do \u0161k\u00f4lky<\/td>\n<td>od 2 do 4 rokov v sprievode dospel\u00e9ho<\/td>\n<td><a href=\"https:\/\/forms.gle\/eu92GWg9ruh1Uf1v7\"><strong>https:\/\/forms.gle\/eu92GWg9ruh1Uf1v7<\/strong><\/a><\/td>\n<\/tr>\n<tr>\n<td>19.8.<\/td>\n<td>10:30<\/td>\n<td><strong>Vzdel\u00e1vanie s mBotom<\/strong> \/ SmartLab<\/td>\n<td>od 10 rokov v sprievode dospel\u00e9ho<\/td>\n<td><a href=\"https:\/\/forms.gle\/CDuQrHYEnHcMxjN96\"><strong>https:\/\/forms.gle\/CDuQrHYEnHcMxjN96<\/strong><\/a><\/td>\n<\/tr>\n<tr>\n<td>20.8.<\/td>\n<td>16:00<\/td>\n<td><strong>Ve\u010dern\u00fd tvoriv\u00fd klub<\/strong> \/ Portr\u00e9t\/ Akvarel<\/td>\n<td>od 12 rokov ; materi\u00e1l 3\u20ac<\/td>\n<td><strong><a href=\"mailto:tvorivedielne@krajskakniznicazilina.sk\">tvorivedielne@krajskakniznicazilina.sk<\/a><\/strong><\/td>\n<\/tr>\n<tr>\n<td>21.8.<\/td>\n<td>10:30<\/td>\n<td><strong>Potla\u010d tri\u010diek<\/strong> \/ SmartLab<\/td>\n<td>od 9 rokov v sprievode dospel\u00e9ho<\/td>\n<td><a href=\"https:\/\/forms.gle\/PiPjhARJ3rJtCkmQA\"><strong>https:\/\/forms.gle\/PiPjhARJ3rJtCkmQA<\/strong><\/a><\/td>\n<\/tr>\n<tr>\n<td>21.8.<\/td>\n<td>14:00<\/td>\n<td>\u00a0 <strong>Vybran\u00e9 z reg\u00e1lu<\/strong>\u00a0\/ Farba citov<\/td>\n<td>od 18 rokov<\/td>\n<td><strong>nie je potrebn\u00e9 prihl\u00e1senie vopred<\/strong><\/td>\n<\/tr>\n<tr>\n<td>26.8.<\/td>\n<td>10:30<\/td>\n<td><strong>Teen summer<\/strong> \/ Papiermach\u00e9 Project \/<strong>In\u0161tal\u00e1cia plast\u00edk <\/strong><\/td>\n<td>od 13 rokov<\/td>\n<td><strong>nie je potrebn\u00e9 prihl\u00e1senie vopred<\/strong><\/td>\n<\/tr>\n<tr>\n<td>27.8.<\/td>\n<td>16:00<\/td>\n<td><strong>Klub Nez\u00e1budka<\/strong><\/td>\n<td>podporn\u00e1 skupina du\u0161evn\u00e9ho zdravia<\/td>\n<td><strong>nie je potrebn\u00e9 prihl\u00e1senie vopred<\/strong><\/td>\n<\/tr>\n<tr>\n<td>28.8.<\/td>\n<td>10:30<\/td>\n<td><strong>Kvety bez v\u00f4ne<\/strong><\/td>\n<td>od 8 rokov v\u00a0sprievode rodi\u010dov<\/td>\n<td><strong>nie je potrebn\u00e9 prihl\u00e1senie vopred<\/strong><\/td>\n<\/tr>\n<\/tbody>\n<\/table>\n<p>Klubov\u00e9 stretnutia:<\/p>\n<p>ka\u017ed\u00fd <strong>utorok o 13:00 &#8211; Smart hodinka pre seniorov<\/strong><\/p>\n<p>ka\u017ed\u00fd <strong>utorok o 14:00 &#8211; Klub ru\u010dn\u00fdch pr\u00e1c<\/strong><\/p>\n<p>V\u00fdstavy:<\/p>\n<p><strong>Slnko v du\u0161i &#8211; \u00a0<\/strong>v\u00fdstava tvorby \u017eiakov \u0161peci\u00e1lnych \u0161k\u00f4l a \u0161kolsk\u00fdch zariaden\u00ed zo \u017dilinsk\u00e9ho kraja<\/p>\n<p><strong>Vladim\u00edr Ferko, Juraj V\u00e1h<\/strong> &#8211; predstavene osobnost\u00ed prostredn\u00edctvom literat\u00fary a \u010dl\u00e1nkov z fondu KKZA<\/p>\n","protected":false},"excerpt":{"rendered":"<p>d\u00e1tum \u010das n\u00e1zov podujatia vekov\u00e9 ur\u010denie prihlasovanie 5.8. 10:30 Kni\u017enica a jej letn\u00e9 poklady od 8 do 12 rokov v sprievode dospel\u00e9ho nie je potrebn\u00e9 prihl\u00e1senie vopred 6.8. 17:00 Pr\u00edbehovka neform\u00e1lne stretnutie \u010ditate\u013eov, autorov a v\u0161etk\u00fdch milovn\u00edkov pr\u00edbehov nie je potrebn\u00e9 prihl\u00e1senie vopred 7.8. 10:30 Pravda alebo lo\u017e od 8 do 12 rokov v sprievode &#8230; <a title=\"Program \/ august 2025\" class=\"read-more\" href=\"https:\/\/www.krajskakniznicazilina.sk\/index.php\/2025\/07\/23\/program-august-2025\/\" aria-label=\"Pre\u010d\u00edtajte si viac o Program \/ august 2025\">\u010c\u00edta\u0165 viac<\/a><\/p>\n","protected":false},"author":1,"featured_media":0,"comment_status":"open","ping_status":"open","sticky":false,"template":"","format":"image","meta":{"footnotes":""},"categories":[12,17],"tags":[],"class_list":["post-15542","post","type-post","status-publish","format-image","hentry","category-podujatie","category-program","post_format-post-format-image"],"_links":{"self":[{"href":"https:\/\/www.krajskakniznicazilina.sk\/index.php\/wp-json\/wp\/v2\/posts\/15542","targetHints":{"allow":["GET"]}}],"collection":[{"href":"https:\/\/www.krajskakniznicazilina.sk\/index.php\/wp-json\/wp\/v2\/posts"}],"about":[{"href":"https:\/\/www.krajskakniznicazilina.sk\/index.php\/wp-json\/wp\/v2\/types\/post"}],"author":[{"embeddable":true,"href":"https:\/\/www.krajskakniznicazilina.sk\/index.php\/wp-json\/wp\/v2\/users\/1"}],"replies":[{"embeddable":true,"href":"https:\/\/www.krajskakniznicazilina.sk\/index.php\/wp-json\/wp\/v2\/comments?post=15542"}],"version-history":[{"count":18,"href":"https:\/\/www.krajskakniznicazilina.sk\/index.php\/wp-json\/wp\/v2\/posts\/15542\/revisions"}],"predecessor-version":[{"id":15562,"href":"https:\/\/www.krajskakniznicazilina.sk\/index.php\/wp-json\/wp\/v2\/posts\/15542\/revisions\/15562"}],"wp:attachment":[{"href":"https:\/\/www.krajskakniznicazilina.sk\/index.php\/wp-json\/wp\/v2\/media?parent=15542"}],"wp:term":[{"taxonomy":"category","embeddable":true,"href":"https:\/\/www.krajskakniznicazilina.sk\/index.php\/wp-json\/wp\/v2\/categories?post=15542"},{"taxonomy":"post_tag","embeddable":true,"href":"https:\/\/www.krajskakniznicazilina.sk\/index.php\/wp-json\/wp\/v2\/tags?post=15542"}],"curies":[{"name":"wp","href":"https:\/\/api.w.org\/{rel}","templated":true}]}}