{"id":1557,"date":"2018-05-11T08:54:59","date_gmt":"2018-05-11T06:54:59","guid":{"rendered":"http:\/\/www.krajskakniznicazilina.sk\/?p=1557"},"modified":"2018-10-11T08:27:27","modified_gmt":"2018-10-11T06:27:27","slug":"3d-tlac-v-umeni","status":"publish","type":"post","link":"https:\/\/www.krajskakniznicazilina.sk\/index.php\/2018\/05\/11\/3d-tlac-v-umeni\/","title":{"rendered":"3D tla\u010d v umen\u00ed"},"content":{"rendered":"<p style=\"text-align: justify;\"><a href=\"http:\/\/www.krajskakniznicazilina.sk\/clanky\/2018\/05\/beseda_3Dtlac.pdf\"><img decoding=\"async\" class=\"alignright wp-image-1564 size-medium\" src=\"http:\/\/www.krajskakniznicazilina.sk\/clanky\/2018\/05\/3Dtlac.jpg\" alt=\"\" width=\"40%\" height=\"40%\" \/><\/a>3D tla\u010d prestala by\u0165 dom\u00e9nou techniky a \u010doraz viac sa udom\u00e1c\u0148uje vo svete umenia a dizajnu. Zauj\u00edma v\u00e1s ako t\u00e1to technol\u00f3gia men\u00ed umeleck\u00fd svet a ako ovplyv\u0148uje modern\u00e9 umenie?<\/p>\n<p style=\"text-align: justify;\">Z\u00fa\u010dastnite sa besedy &#8222;3D tla\u010d v umen\u00ed&#8220; a zistite ako men\u00ed t\u00e1to technol\u00f3gia zau\u017e\u00edvan\u00e9 umeleck\u00e9 postupy a \u010do v\u0161etko umelcom umo\u017e\u0148uje. Besedu bude vies\u0165 Mari\u00e1n Rudinec, soch\u00e1r a dizajn\u00e9r, ktor\u00fd pri svojej pr\u00e1ci 3D tla\u010d akt\u00edvne vyu\u017e\u00edva a r\u00e1d v\u00e1m predstav\u00ed svoju podnikate\u013esk\u00fa dr\u00e1hu v umeleckom svete<strong> 23. m\u00e1ja o 16:00<\/strong> v Krajskej kni\u017enici v \u017diline.<\/p>\n<p style=\"text-align: justify;\">Podmienky:<\/p>\n<p style=\"text-align: justify;\">\u00da\u010dastn\u00edk sa mus\u00ed vopred prihl\u00e1si\u0165<\/p>\n<p style=\"text-align: justify;\">\u00da\u010dastn\u00edk mus\u00ed by\u0165 fyzick\u00e1 osoba &#8211; <a href=\"https:\/\/goo.gl\/forms\/LUEJgTj4UGpXFxno1\">nepodnikate\u013e<\/a> s trval\u00fdm pobytom na \u00fazem\u00ed v niektorom zo 7 samospr\u00e1vnych krajov Slovenska okrem Bratislavsk\u00e9ho samospr\u00e1vneho kraja alebo za\u010d\u00ednaj\u00faci i etablovan\u00fd <a href=\"https:\/\/goo.gl\/forms\/JvmDFesOO39IwvLc2\">podnikate\u013e<\/a>, sp\u013a\u0148aj\u00faci defin\u00edciu MSP, so s\u00eddlom v niektorom zo 7 samospr\u00e1vnych krajov Slovenska, okrem Bratislavsk\u00e9ho samospr\u00e1vneho kraja.<\/p>\n<p style=\"text-align: justify;\">Po\u010det miest je limitovan\u00fd. \u00da\u010das\u0165 je bezplatn\u00e1.<\/p>\n","protected":false},"excerpt":{"rendered":"<p>3D tla\u010d prestala by\u0165 dom\u00e9nou techniky a \u010doraz viac sa udom\u00e1c\u0148uje vo svete umenia a dizajnu. Zauj\u00edma v\u00e1s ako t\u00e1to technol\u00f3gia men\u00ed umeleck\u00fd svet a ako ovplyv\u0148uje modern\u00e9 umenie? Z\u00fa\u010dastnite sa besedy &#8222;3D tla\u010d v umen\u00ed&#8220; a zistite ako men\u00ed t\u00e1to technol\u00f3gia zau\u017e\u00edvan\u00e9 umeleck\u00e9 postupy a \u010do v\u0161etko umelcom umo\u017e\u0148uje. Besedu bude vies\u0165 Mari\u00e1n Rudinec, &#8230; <a title=\"3D tla\u010d v umen\u00ed\" class=\"read-more\" href=\"https:\/\/www.krajskakniznicazilina.sk\/index.php\/2018\/05\/11\/3d-tlac-v-umeni\/\" aria-label=\"Pre\u010d\u00edtajte si viac o 3D tla\u010d v umen\u00ed\">\u010c\u00edta\u0165 viac<\/a><\/p>\n","protected":false},"author":1,"featured_media":0,"comment_status":"open","ping_status":"open","sticky":false,"template":"","format":"image","meta":{"footnotes":""},"categories":[12,22],"tags":[],"class_list":["post-1557","post","type-post","status-publish","format-image","hentry","category-podujatie","category-prednaska","post_format-post-format-image"],"_links":{"self":[{"href":"https:\/\/www.krajskakniznicazilina.sk\/index.php\/wp-json\/wp\/v2\/posts\/1557","targetHints":{"allow":["GET"]}}],"collection":[{"href":"https:\/\/www.krajskakniznicazilina.sk\/index.php\/wp-json\/wp\/v2\/posts"}],"about":[{"href":"https:\/\/www.krajskakniznicazilina.sk\/index.php\/wp-json\/wp\/v2\/types\/post"}],"author":[{"embeddable":true,"href":"https:\/\/www.krajskakniznicazilina.sk\/index.php\/wp-json\/wp\/v2\/users\/1"}],"replies":[{"embeddable":true,"href":"https:\/\/www.krajskakniznicazilina.sk\/index.php\/wp-json\/wp\/v2\/comments?post=1557"}],"version-history":[{"count":5,"href":"https:\/\/www.krajskakniznicazilina.sk\/index.php\/wp-json\/wp\/v2\/posts\/1557\/revisions"}],"predecessor-version":[{"id":2415,"href":"https:\/\/www.krajskakniznicazilina.sk\/index.php\/wp-json\/wp\/v2\/posts\/1557\/revisions\/2415"}],"wp:attachment":[{"href":"https:\/\/www.krajskakniznicazilina.sk\/index.php\/wp-json\/wp\/v2\/media?parent=1557"}],"wp:term":[{"taxonomy":"category","embeddable":true,"href":"https:\/\/www.krajskakniznicazilina.sk\/index.php\/wp-json\/wp\/v2\/categories?post=1557"},{"taxonomy":"post_tag","embeddable":true,"href":"https:\/\/www.krajskakniznicazilina.sk\/index.php\/wp-json\/wp\/v2\/tags?post=1557"}],"curies":[{"name":"wp","href":"https:\/\/api.w.org\/{rel}","templated":true}]}}