{"id":15664,"date":"2025-08-23T07:03:36","date_gmt":"2025-08-23T05:03:36","guid":{"rendered":"https:\/\/www.krajskakniznicazilina.sk\/?p=15664"},"modified":"2025-08-19T10:25:51","modified_gmt":"2025-08-19T08:25:51","slug":"klub-u-knihulky-duhy-carovne-krajiny-pesnicky-a-jednorozce","status":"publish","type":"post","link":"https:\/\/www.krajskakniznicazilina.sk\/index.php\/2025\/08\/23\/klub-u-knihulky-duhy-carovne-krajiny-pesnicky-a-jednorozce\/","title":{"rendered":"Klub u Knihu\u013eky \u2013 D\u00fahy, \u010darovn\u00e9 krajiny, pesni\u010dky a jednoro\u017ece"},"content":{"rendered":"<p style=\"text-align: justify;\"><a href=\"https:\/\/www.krajskakniznicazilina.sk\/clanky\/2025\/09\/klub%20u%20knihulky%209.jpg\"><img decoding=\"async\" class=\"alignright size-medium\" src=\"https:\/\/www.krajskakniznicazilina.sk\/clanky\/2025\/09\/klub%20u%20knihulky%209.jpg\" alt=\"plag\u00e1t\" width=\"40%\" height=\"40%\" \/><\/a>Septembrov\u00e1 Knihu\u013eka bude farebn\u00e1, trblietav\u00e1 a \u010darovn\u00e1, preto si ju nenechajte ujs\u0165. Pripravte sa na dobrodru\u017estvo pln\u00e9 fant\u00e1zie. Pre\u010d\u00edtame v\u00e1m knihu Jednoro\u017eec z mora od Jessie Sima, nebude ch\u00fdba\u0165 tancovanie, tvorenie a hranie. Pre ve\u013ek\u00fd z\u00e1ujem sme napl\u00e1novali v Krajskej kni\u017enici v \u017diline dve stretnutia, na ktor\u00e9 je <strong>potrebn\u00e9 vopred sa prihl\u00e1si\u0165:<\/strong><\/p>\n<ul>\n<li style=\"text-align: justify;\">utorok <strong>9. septembra o 10:30<\/strong> &#8211;\u00a0<a href=\"https:\/\/forms.gle\/8B9RaRVCHQGemBa28\">https:\/\/forms.gle\/8B9RaRVCHQGemBa28<\/a><\/li>\n<li style=\"text-align: justify;\">\u0161tvrtok <strong>18. septembra o 10:30<\/strong> &#8211;\u00a0<a href=\"https:\/\/forms.gle\/QEn3smXo9Hqeg6FX7\">https:\/\/forms.gle\/QEn3smXo9Hqeg6FX7<\/a><\/li>\n<\/ul>\n<p style=\"text-align: justify;\">Podujatie je ur\u010den\u00e9 pre deti od 2 do 4 rokov a ich rodi\u010dov. Spolo\u010dne si \u010d\u00edtame a rozv\u00edjame pred\u010ditate\u013esk\u00e9 kompetencie na\u0161ich najmen\u0161\u00edch.\u00a0Podmienkou je platn\u00fd \u010ditate\u013esk\u00fd preukaz v\u00a0Krajskej kni\u017enici v\u00a0\u017diline.<\/p>\n","protected":false},"excerpt":{"rendered":"<p>Septembrov\u00e1 Knihu\u013eka bude farebn\u00e1, trblietav\u00e1 a \u010darovn\u00e1, preto si ju nenechajte ujs\u0165. Pripravte sa na dobrodru\u017estvo pln\u00e9 fant\u00e1zie. Pre\u010d\u00edtame v\u00e1m knihu Jednoro\u017eec z mora od Jessie Sima, nebude ch\u00fdba\u0165 tancovanie, tvorenie a hranie. Pre ve\u013ek\u00fd z\u00e1ujem sme napl\u00e1novali v Krajskej kni\u017enici v \u017diline dve stretnutia, na ktor\u00e9 je potrebn\u00e9 vopred sa prihl\u00e1si\u0165: utorok 9. septembra &#8230; <a title=\"Klub u Knihu\u013eky \u2013 D\u00fahy, \u010darovn\u00e9 krajiny, pesni\u010dky a jednoro\u017ece\" class=\"read-more\" href=\"https:\/\/www.krajskakniznicazilina.sk\/index.php\/2025\/08\/23\/klub-u-knihulky-duhy-carovne-krajiny-pesnicky-a-jednorozce\/\" aria-label=\"Pre\u010d\u00edtajte si viac o Klub u Knihu\u013eky \u2013 D\u00fahy, \u010darovn\u00e9 krajiny, pesni\u010dky a jednoro\u017ece\">\u010c\u00edta\u0165 viac<\/a><\/p>\n","protected":false},"author":1,"featured_media":0,"comment_status":"open","ping_status":"open","sticky":false,"template":"","format":"image","meta":{"footnotes":""},"categories":[23,35,12,73],"tags":[],"class_list":["post-15664","post","type-post","status-publish","format-image","hentry","category-klub","category-knihulka","category-podujatie","category-pre-deti","post_format-post-format-image"],"_links":{"self":[{"href":"https:\/\/www.krajskakniznicazilina.sk\/index.php\/wp-json\/wp\/v2\/posts\/15664","targetHints":{"allow":["GET"]}}],"collection":[{"href":"https:\/\/www.krajskakniznicazilina.sk\/index.php\/wp-json\/wp\/v2\/posts"}],"about":[{"href":"https:\/\/www.krajskakniznicazilina.sk\/index.php\/wp-json\/wp\/v2\/types\/post"}],"author":[{"embeddable":true,"href":"https:\/\/www.krajskakniznicazilina.sk\/index.php\/wp-json\/wp\/v2\/users\/1"}],"replies":[{"embeddable":true,"href":"https:\/\/www.krajskakniznicazilina.sk\/index.php\/wp-json\/wp\/v2\/comments?post=15664"}],"version-history":[{"count":2,"href":"https:\/\/www.krajskakniznicazilina.sk\/index.php\/wp-json\/wp\/v2\/posts\/15664\/revisions"}],"predecessor-version":[{"id":15667,"href":"https:\/\/www.krajskakniznicazilina.sk\/index.php\/wp-json\/wp\/v2\/posts\/15664\/revisions\/15667"}],"wp:attachment":[{"href":"https:\/\/www.krajskakniznicazilina.sk\/index.php\/wp-json\/wp\/v2\/media?parent=15664"}],"wp:term":[{"taxonomy":"category","embeddable":true,"href":"https:\/\/www.krajskakniznicazilina.sk\/index.php\/wp-json\/wp\/v2\/categories?post=15664"},{"taxonomy":"post_tag","embeddable":true,"href":"https:\/\/www.krajskakniznicazilina.sk\/index.php\/wp-json\/wp\/v2\/tags?post=15664"}],"curies":[{"name":"wp","href":"https:\/\/api.w.org\/{rel}","templated":true}]}}