{"id":15690,"date":"2025-08-28T07:01:01","date_gmt":"2025-08-28T05:01:01","guid":{"rendered":"https:\/\/www.krajskakniznicazilina.sk\/?p=15690"},"modified":"2025-08-19T12:42:06","modified_gmt":"2025-08-19T10:42:06","slug":"co-mi-svetlo-nakreslilo-vystava-fotografii","status":"publish","type":"post","link":"https:\/\/www.krajskakniznicazilina.sk\/index.php\/2025\/08\/28\/co-mi-svetlo-nakreslilo-vystava-fotografii\/","title":{"rendered":"\u010co mi svetlo nakreslilo &#8211; v\u00fdstava fotografi\u00ed"},"content":{"rendered":"<p style=\"text-align: justify;\"><a href=\"https:\/\/www.krajskakniznicazilina.sk\/clanky\/2025\/09\/%C4%8Co%20mi%20svetlo%20nakreslilo.jpg\"><img decoding=\"async\" class=\"alignright size-medium\" src=\"https:\/\/www.krajskakniznicazilina.sk\/clanky\/2025\/09\/%C4%8Co%20mi%20svetlo%20nakreslilo.jpg\" alt=\"plag\u00e1t\" width=\"35%\" height=\"35%\" \/><\/a>Poz\u00fdvame v\u00e1s na v\u00fdstavu, kde sa abstraktn\u00e1 po\u00e9zia <strong>Jakuba Kupkovi\u010da<\/strong> stret\u00e1va s obrazom. Zobrazen\u00e9 okamihy s\u00fa formovan\u00e9 tie\u0148om, farbou a odrazom, v ktor\u00fdch sa st\u00e1va svetlo objektom a rozpr\u00e1va\u010dom pr\u00edbehov. V\u00fdstavu si m\u00f4\u017eete pr\u00eds\u0165 pozrie\u0165 <strong>od 3. septembra<\/strong> do Krajskej kni\u017enice v \u017diline.<\/p>\n","protected":false},"excerpt":{"rendered":"<p>Poz\u00fdvame v\u00e1s na v\u00fdstavu, kde sa abstraktn\u00e1 po\u00e9zia Jakuba Kupkovi\u010da stret\u00e1va s obrazom. Zobrazen\u00e9 okamihy s\u00fa formovan\u00e9 tie\u0148om, farbou a odrazom, v ktor\u00fdch sa st\u00e1va svetlo objektom a rozpr\u00e1va\u010dom pr\u00edbehov. V\u00fdstavu si m\u00f4\u017eete pr\u00eds\u0165 pozrie\u0165 od 3. septembra do Krajskej kni\u017enice v \u017diline.<\/p>\n","protected":false},"author":1,"featured_media":0,"comment_status":"open","ping_status":"open","sticky":false,"template":"","format":"image","meta":{"footnotes":""},"categories":[15],"tags":[],"class_list":["post-15690","post","type-post","status-publish","format-image","hentry","category-vystava","post_format-post-format-image"],"_links":{"self":[{"href":"https:\/\/www.krajskakniznicazilina.sk\/index.php\/wp-json\/wp\/v2\/posts\/15690","targetHints":{"allow":["GET"]}}],"collection":[{"href":"https:\/\/www.krajskakniznicazilina.sk\/index.php\/wp-json\/wp\/v2\/posts"}],"about":[{"href":"https:\/\/www.krajskakniznicazilina.sk\/index.php\/wp-json\/wp\/v2\/types\/post"}],"author":[{"embeddable":true,"href":"https:\/\/www.krajskakniznicazilina.sk\/index.php\/wp-json\/wp\/v2\/users\/1"}],"replies":[{"embeddable":true,"href":"https:\/\/www.krajskakniznicazilina.sk\/index.php\/wp-json\/wp\/v2\/comments?post=15690"}],"version-history":[{"count":2,"href":"https:\/\/www.krajskakniznicazilina.sk\/index.php\/wp-json\/wp\/v2\/posts\/15690\/revisions"}],"predecessor-version":[{"id":15692,"href":"https:\/\/www.krajskakniznicazilina.sk\/index.php\/wp-json\/wp\/v2\/posts\/15690\/revisions\/15692"}],"wp:attachment":[{"href":"https:\/\/www.krajskakniznicazilina.sk\/index.php\/wp-json\/wp\/v2\/media?parent=15690"}],"wp:term":[{"taxonomy":"category","embeddable":true,"href":"https:\/\/www.krajskakniznicazilina.sk\/index.php\/wp-json\/wp\/v2\/categories?post=15690"},{"taxonomy":"post_tag","embeddable":true,"href":"https:\/\/www.krajskakniznicazilina.sk\/index.php\/wp-json\/wp\/v2\/tags?post=15690"}],"curies":[{"name":"wp","href":"https:\/\/api.w.org\/{rel}","templated":true}]}}