{"id":15696,"date":"2025-09-02T07:04:33","date_gmt":"2025-09-02T05:04:33","guid":{"rendered":"https:\/\/www.krajskakniznicazilina.sk\/?p=15696"},"modified":"2025-09-05T15:47:21","modified_gmt":"2025-09-05T13:47:21","slug":"vecerny-tvorivy-klub-perokresba-v-pleneri","status":"publish","type":"post","link":"https:\/\/www.krajskakniznicazilina.sk\/index.php\/2025\/09\/02\/vecerny-tvorivy-klub-perokresba-v-pleneri\/","title":{"rendered":"Ve\u010dern\u00fd Tvoriv\u00fd klub &#8211; Perokresba v plen\u00e9ri"},"content":{"rendered":"<p style=\"text-align: justify;\"><a href=\"https:\/\/www.krajskakniznicazilina.sk\/clanky\/2025\/09\/Ve%C4%8Dern%C3%BD%20Tvoriv%C3%BD%20klub.jpg\"><img decoding=\"async\" class=\"alignleft size-medium\" src=\"https:\/\/www.krajskakniznicazilina.sk\/clanky\/2025\/09\/Ve%C4%8Dern%C3%BD%20Tvoriv%C3%BD%20klub.jpg\" alt=\"plag\u00e1t\" width=\"45%\" height=\"45%\" \/><\/a>Objavte s nami \u010daro kreslenia pod hol\u00fdm nebom<strong> 17. septembra o 16:00<\/strong> v Liter\u00e1rnom parku za kni\u017enicou. Ma\u013eba v pr\u00edrode je ve\u013emi popul\u00e1rna. Perokresba alebo kreslenie perom je pomerne be\u017en\u00e1 technika kreslenia. Na kreslenie touto technikou je najvhodnej\u0161ie a naj\u010dastej\u0161ie pou\u017e\u00edvan\u00e9 rozmerov\u00e9 alebo in\u00e9 p\u00edsacie pero. Pridajte sa k n\u00e1m a nechajte sa unies\u0165 kr\u00e1sou liter\u00e1rneho parku. Podmienkou je aj platn\u00fd \u010ditate\u013esk\u00fd preukaz. Tvoriv\u00fd klub je ur\u010den\u00fd pre z\u00e1ujemcov od 12 rokov s platn\u00fdm \u010ditate\u013esk\u00fdm preukazom. Pr\u00edspevok na materi\u00e1l je vo v\u00fd\u0161ke 3 \u20ac na \u00fa\u010dastn\u00edka. Na podujatie je nutn\u00e9 sa vopred <strong>prihl\u00e1si\u0165<\/strong> cez e-mail:<\/p>\n<p style=\"text-align: justify;\"><strong><a href=\"mailto:tvorivedielne@krajskakniznicazilina.sk\">tvorivedielne@krajskakniznicazilina.sk<\/a><\/strong><\/p>\n","protected":false},"excerpt":{"rendered":"<p>Objavte s nami \u010daro kreslenia pod hol\u00fdm nebom 17. septembra o 16:00 v Liter\u00e1rnom parku za kni\u017enicou. Ma\u013eba v pr\u00edrode je ve\u013emi popul\u00e1rna. Perokresba alebo kreslenie perom je pomerne be\u017en\u00e1 technika kreslenia. Na kreslenie touto technikou je najvhodnej\u0161ie a naj\u010dastej\u0161ie pou\u017e\u00edvan\u00e9 rozmerov\u00e9 alebo in\u00e9 p\u00edsacie pero. Pridajte sa k n\u00e1m a nechajte sa unies\u0165 kr\u00e1sou &#8230; <a title=\"Ve\u010dern\u00fd Tvoriv\u00fd klub &#8211; Perokresba v plen\u00e9ri\" class=\"read-more\" href=\"https:\/\/www.krajskakniznicazilina.sk\/index.php\/2025\/09\/02\/vecerny-tvorivy-klub-perokresba-v-pleneri\/\" aria-label=\"Pre\u010d\u00edtajte si viac o Ve\u010dern\u00fd Tvoriv\u00fd klub &#8211; Perokresba v plen\u00e9ri\">\u010c\u00edta\u0165 viac<\/a><\/p>\n","protected":false},"author":1,"featured_media":0,"comment_status":"open","ping_status":"open","sticky":false,"template":"","format":"image","meta":{"footnotes":""},"categories":[23,12,37],"tags":[],"class_list":["post-15696","post","type-post","status-publish","format-image","hentry","category-klub","category-podujatie","category-tvorivy-klub","post_format-post-format-image"],"_links":{"self":[{"href":"https:\/\/www.krajskakniznicazilina.sk\/index.php\/wp-json\/wp\/v2\/posts\/15696","targetHints":{"allow":["GET"]}}],"collection":[{"href":"https:\/\/www.krajskakniznicazilina.sk\/index.php\/wp-json\/wp\/v2\/posts"}],"about":[{"href":"https:\/\/www.krajskakniznicazilina.sk\/index.php\/wp-json\/wp\/v2\/types\/post"}],"author":[{"embeddable":true,"href":"https:\/\/www.krajskakniznicazilina.sk\/index.php\/wp-json\/wp\/v2\/users\/1"}],"replies":[{"embeddable":true,"href":"https:\/\/www.krajskakniznicazilina.sk\/index.php\/wp-json\/wp\/v2\/comments?post=15696"}],"version-history":[{"count":8,"href":"https:\/\/www.krajskakniznicazilina.sk\/index.php\/wp-json\/wp\/v2\/posts\/15696\/revisions"}],"predecessor-version":[{"id":15837,"href":"https:\/\/www.krajskakniznicazilina.sk\/index.php\/wp-json\/wp\/v2\/posts\/15696\/revisions\/15837"}],"wp:attachment":[{"href":"https:\/\/www.krajskakniznicazilina.sk\/index.php\/wp-json\/wp\/v2\/media?parent=15696"}],"wp:term":[{"taxonomy":"category","embeddable":true,"href":"https:\/\/www.krajskakniznicazilina.sk\/index.php\/wp-json\/wp\/v2\/categories?post=15696"},{"taxonomy":"post_tag","embeddable":true,"href":"https:\/\/www.krajskakniznicazilina.sk\/index.php\/wp-json\/wp\/v2\/tags?post=15696"}],"curies":[{"name":"wp","href":"https:\/\/api.w.org\/{rel}","templated":true}]}}