{"id":15699,"date":"2025-09-05T07:03:08","date_gmt":"2025-09-05T05:03:08","guid":{"rendered":"https:\/\/www.krajskakniznicazilina.sk\/?p=15699"},"modified":"2025-08-28T10:40:59","modified_gmt":"2025-08-28T08:40:59","slug":"cestovanie-o-piatej-voda-voda-vodicka","status":"publish","type":"post","link":"https:\/\/www.krajskakniznicazilina.sk\/index.php\/2025\/09\/05\/cestovanie-o-piatej-voda-voda-vodicka\/","title":{"rendered":"Cestovanie o piatej &#8211; Voda, voda, vodi\u010dka\u00a0"},"content":{"rendered":"<p style=\"text-align: justify;\"><a href=\"https:\/\/www.krajskakniznicazilina.sk\/wp-content\/uploads\/2025\/09\/cestovanie-o-piatej-9-scaled.jpg\"><img decoding=\"async\" class=\"size-medium wp-image-15796 alignleft\" src=\"https:\/\/www.krajskakniznicazilina.sk\/wp-content\/uploads\/2025\/09\/cestovanie-o-piatej-9-300x212.jpg\" alt=\"plag\u00e1t\" width=\"45%\" height=\"45%\" srcset=\"https:\/\/www.krajskakniznicazilina.sk\/wp-content\/uploads\/2025\/09\/cestovanie-o-piatej-9-300x212.jpg 300w, https:\/\/www.krajskakniznicazilina.sk\/wp-content\/uploads\/2025\/09\/cestovanie-o-piatej-9-1024x724.jpg 1024w, https:\/\/www.krajskakniznicazilina.sk\/wp-content\/uploads\/2025\/09\/cestovanie-o-piatej-9-768x543.jpg 768w, https:\/\/www.krajskakniznicazilina.sk\/wp-content\/uploads\/2025\/09\/cestovanie-o-piatej-9-1536x1086.jpg 1536w, https:\/\/www.krajskakniznicazilina.sk\/wp-content\/uploads\/2025\/09\/cestovanie-o-piatej-9-2048x1448.jpg 2048w\" sizes=\"(max-width: 300px) 100vw, 300px\" \/><\/a>Na stretnut\u00ed <strong>29. septembra o 17:00<\/strong> sa pozrieme na najkraj\u0161ie vodn\u00e9 plochy na Slovensku aj vo svete. Jazer\u00e1, ples\u00e1, vodn\u00e9 n\u00e1dr\u017ee. Presunieme sa na juh, no nevynech\u00e1me ani zn\u00e1me a menej zn\u00e1me vodn\u00e9 zrkadl\u00e1 vo vysokohorskom prostred\u00ed. Nad viacer\u00fdmi z nich sa nach\u00e1dzaj\u00fa kr\u00e1sne v\u00fdh\u013eadov\u00e9 miesta, o ktor\u00fdch ste mo\u017eno doteraz netu\u0161ili.<\/p>\n","protected":false},"excerpt":{"rendered":"<p>Na stretnut\u00ed 29. septembra o 17:00 sa pozrieme na najkraj\u0161ie vodn\u00e9 plochy na Slovensku aj vo svete. Jazer\u00e1, ples\u00e1, vodn\u00e9 n\u00e1dr\u017ee. Presunieme sa na juh, no nevynech\u00e1me ani zn\u00e1me a menej zn\u00e1me vodn\u00e9 zrkadl\u00e1 vo vysokohorskom prostred\u00ed. Nad viacer\u00fdmi z nich sa nach\u00e1dzaj\u00fa kr\u00e1sne v\u00fdh\u013eadov\u00e9 miesta, o ktor\u00fdch ste mo\u017eno doteraz netu\u0161ili.<\/p>\n","protected":false},"author":1,"featured_media":0,"comment_status":"open","ping_status":"open","sticky":false,"template":"","format":"image","meta":{"footnotes":""},"categories":[24,21,12],"tags":[],"class_list":["post-15699","post","type-post","status-publish","format-image","hentry","category-beseda","category-cestovatelska-beseda","category-podujatie","post_format-post-format-image"],"_links":{"self":[{"href":"https:\/\/www.krajskakniznicazilina.sk\/index.php\/wp-json\/wp\/v2\/posts\/15699","targetHints":{"allow":["GET"]}}],"collection":[{"href":"https:\/\/www.krajskakniznicazilina.sk\/index.php\/wp-json\/wp\/v2\/posts"}],"about":[{"href":"https:\/\/www.krajskakniznicazilina.sk\/index.php\/wp-json\/wp\/v2\/types\/post"}],"author":[{"embeddable":true,"href":"https:\/\/www.krajskakniznicazilina.sk\/index.php\/wp-json\/wp\/v2\/users\/1"}],"replies":[{"embeddable":true,"href":"https:\/\/www.krajskakniznicazilina.sk\/index.php\/wp-json\/wp\/v2\/comments?post=15699"}],"version-history":[{"count":4,"href":"https:\/\/www.krajskakniznicazilina.sk\/index.php\/wp-json\/wp\/v2\/posts\/15699\/revisions"}],"predecessor-version":[{"id":15798,"href":"https:\/\/www.krajskakniznicazilina.sk\/index.php\/wp-json\/wp\/v2\/posts\/15699\/revisions\/15798"}],"wp:attachment":[{"href":"https:\/\/www.krajskakniznicazilina.sk\/index.php\/wp-json\/wp\/v2\/media?parent=15699"}],"wp:term":[{"taxonomy":"category","embeddable":true,"href":"https:\/\/www.krajskakniznicazilina.sk\/index.php\/wp-json\/wp\/v2\/categories?post=15699"},{"taxonomy":"post_tag","embeddable":true,"href":"https:\/\/www.krajskakniznicazilina.sk\/index.php\/wp-json\/wp\/v2\/tags?post=15699"}],"curies":[{"name":"wp","href":"https:\/\/api.w.org\/{rel}","templated":true}]}}