{"id":15769,"date":"2025-09-02T07:52:24","date_gmt":"2025-09-02T05:52:24","guid":{"rendered":"https:\/\/www.krajskakniznicazilina.sk\/?p=15769"},"modified":"2025-10-08T08:39:59","modified_gmt":"2025-10-08T06:39:59","slug":"klub-fantastickej-literatury-a-tvoriveho-pisania-5","status":"publish","type":"post","link":"https:\/\/www.krajskakniznicazilina.sk\/index.php\/2025\/09\/02\/klub-fantastickej-literatury-a-tvoriveho-pisania-5\/","title":{"rendered":"Klub fantastickej literat\u00fary a tvoriv\u00e9ho p\u00edsania"},"content":{"rendered":"<div dir=\"ltr\">\n<div style=\"text-align: justify;\">\n<p><a href=\"https:\/\/www.krajskakniznicazilina.sk\/wp-content\/uploads\/2025\/08\/klub-fantasy-scaled.jpg\"><img decoding=\"async\" class=\"size-medium wp-image-15770 alignright\" src=\"https:\/\/www.krajskakniznicazilina.sk\/wp-content\/uploads\/2025\/08\/klub-fantasy-300x212.jpg\" alt=\"plag\u00e1t\" width=\"45%\" height=\"45%\" srcset=\"https:\/\/www.krajskakniznicazilina.sk\/wp-content\/uploads\/2025\/08\/klub-fantasy-300x212.jpg 300w, https:\/\/www.krajskakniznicazilina.sk\/wp-content\/uploads\/2025\/08\/klub-fantasy-1024x724.jpg 1024w, https:\/\/www.krajskakniznicazilina.sk\/wp-content\/uploads\/2025\/08\/klub-fantasy-768x543.jpg 768w, https:\/\/www.krajskakniznicazilina.sk\/wp-content\/uploads\/2025\/08\/klub-fantasy-1536x1086.jpg 1536w, https:\/\/www.krajskakniznicazilina.sk\/wp-content\/uploads\/2025\/08\/klub-fantasy-2048x1448.jpg 2048w\" sizes=\"(max-width: 300px) 100vw, 300px\" \/><\/a>Leto sa kon\u010d\u00ed, ale fant\u00e1zia je ve\u010dn\u00e1. Ak m\u00e1\u0161 r\u00e1d \u017e\u00e1ner fantasy, pr\u00ed\u010f sa porozpr\u00e1va\u0165 o skvel\u00fdch kni\u017en\u00fdch, filmov\u00fdch \u010di seri\u00e1lov\u00fdch pr\u00edbehoch. Okrem toho sa m\u00f4\u017ee\u0161 pochv\u00e1li\u0165 vlastnou tvorbou alebo si vysk\u00fa\u0161a\u0161 spisovate\u013esk\u00e9 remeslo cez r\u00f4zne tvoriv\u00e9 hry. Klub je ur\u010den\u00fd pre v\u0161etk\u00fdch od 15 rokov. <b>Nev\u00e1haj, pr\u00ed\u010f<\/b>\u00a0<strong>a zober aj kamo\u0161a \u010di kamo\u0161ku.\u00a0<\/strong>Podmienkou je platn\u00fd \u010ditate\u013esk\u00fd preukaz do Krajskej kni\u017enice v \u017diline.<\/p>\n<\/div>\n<\/div>\n","protected":false},"excerpt":{"rendered":"<p>Leto sa kon\u010d\u00ed, ale fant\u00e1zia je ve\u010dn\u00e1. Ak m\u00e1\u0161 r\u00e1d \u017e\u00e1ner fantasy, pr\u00ed\u010f sa porozpr\u00e1va\u0165 o skvel\u00fdch kni\u017en\u00fdch, filmov\u00fdch \u010di seri\u00e1lov\u00fdch pr\u00edbehoch. Okrem toho sa m\u00f4\u017ee\u0161 pochv\u00e1li\u0165 vlastnou tvorbou alebo si vysk\u00fa\u0161a\u0161 spisovate\u013esk\u00e9 remeslo cez r\u00f4zne tvoriv\u00e9 hry. Klub je ur\u010den\u00fd pre v\u0161etk\u00fdch od 15 rokov. Nev\u00e1haj, pr\u00ed\u010f\u00a0a zober aj kamo\u0161a \u010di kamo\u0161ku.\u00a0Podmienkou je platn\u00fd &#8230; <a title=\"Klub fantastickej literat\u00fary a tvoriv\u00e9ho p\u00edsania\" class=\"read-more\" href=\"https:\/\/www.krajskakniznicazilina.sk\/index.php\/2025\/09\/02\/klub-fantastickej-literatury-a-tvoriveho-pisania-5\/\" aria-label=\"Pre\u010d\u00edtajte si viac o Klub fantastickej literat\u00fary a tvoriv\u00e9ho p\u00edsania\">\u010c\u00edta\u0165 viac<\/a><\/p>\n","protected":false},"author":1,"featured_media":0,"comment_status":"open","ping_status":"open","sticky":false,"template":"","format":"image","meta":{"footnotes":""},"categories":[23,33],"tags":[],"class_list":["post-15769","post","type-post","status-publish","format-image","hentry","category-klub","category-klub-fantastickej-literatury","post_format-post-format-image"],"_links":{"self":[{"href":"https:\/\/www.krajskakniznicazilina.sk\/index.php\/wp-json\/wp\/v2\/posts\/15769","targetHints":{"allow":["GET"]}}],"collection":[{"href":"https:\/\/www.krajskakniznicazilina.sk\/index.php\/wp-json\/wp\/v2\/posts"}],"about":[{"href":"https:\/\/www.krajskakniznicazilina.sk\/index.php\/wp-json\/wp\/v2\/types\/post"}],"author":[{"embeddable":true,"href":"https:\/\/www.krajskakniznicazilina.sk\/index.php\/wp-json\/wp\/v2\/users\/1"}],"replies":[{"embeddable":true,"href":"https:\/\/www.krajskakniznicazilina.sk\/index.php\/wp-json\/wp\/v2\/comments?post=15769"}],"version-history":[{"count":5,"href":"https:\/\/www.krajskakniznicazilina.sk\/index.php\/wp-json\/wp\/v2\/posts\/15769\/revisions"}],"predecessor-version":[{"id":16049,"href":"https:\/\/www.krajskakniznicazilina.sk\/index.php\/wp-json\/wp\/v2\/posts\/15769\/revisions\/16049"}],"wp:attachment":[{"href":"https:\/\/www.krajskakniznicazilina.sk\/index.php\/wp-json\/wp\/v2\/media?parent=15769"}],"wp:term":[{"taxonomy":"category","embeddable":true,"href":"https:\/\/www.krajskakniznicazilina.sk\/index.php\/wp-json\/wp\/v2\/categories?post=15769"},{"taxonomy":"post_tag","embeddable":true,"href":"https:\/\/www.krajskakniznicazilina.sk\/index.php\/wp-json\/wp\/v2\/tags?post=15769"}],"curies":[{"name":"wp","href":"https:\/\/api.w.org\/{rel}","templated":true}]}}