{"id":1578,"date":"2018-04-25T11:29:31","date_gmt":"2018-04-25T09:29:31","guid":{"rendered":"http:\/\/www.krajskakniznicazilina.sk\/?p=1578"},"modified":"2020-03-19T17:52:00","modified_gmt":"2020-03-19T16:52:00","slug":"ako-sme-s-detmi-objavovali-knihy","status":"publish","type":"post","link":"https:\/\/www.krajskakniznicazilina.sk\/index.php\/2018\/04\/25\/ako-sme-s-detmi-objavovali-knihy\/","title":{"rendered":"Ako sme s\u00a0de\u0165mi objavovali knihy"},"content":{"rendered":"<p style=\"text-align: justify;\">Krajsk\u00e1 kni\u017enica v\u00a0\u017diline, organiz\u00e1cia v\u00a0zria\u010fovate\u013eskej p\u00f4sobnosti \u017dilinsk\u00e9ho samospr\u00e1vneho kraja, v spolupr\u00e1ci s mestom \u017dilina, BIBIANOU, medzin\u00e1rodn\u00fdm domom umenia pre deti a Slovenskou sekciou IBBY (Board on Books for Young People) zorganizovali u\u017e 35. ro\u010dn\u00edk festivalu Dni detskej knihy. Festival z verejn\u00fdch zdrojov podporili Fond na podporu umenia (hlavn\u00fd partner) a \u017dilinsk\u00fd samospr\u00e1vny kraj a\u00a0konal sa pod z\u00e1\u0161titou predsedn\u00ed\u010dky \u017dilinsk\u00e9ho samospr\u00e1vneho kraja Ing. Eriky Jurinovej. Na najv\u00e4\u010d\u0161om celoslovenskom festivale detskej knihy sa z\u00fa\u010dastnilo viac ako dve desiatky tvorcov detsk\u00fdch kn\u00edh: spisovate\u013eov, ilustr\u00e1torov, z\u00e1stupcov vydavate\u013estiev. Po\u010das troch dn\u00ed sa na spolo\u010dn\u00fdch stretnutiach streli s\u00a0dvoma tis\u00edckami det\u00ed zo \u017diliny a okolia. S\u00fa\u010das\u0165ou festivalu bola aj vyhodnotenie n\u00e1rodn\u00e9ho kola medzin\u00e1rodnej slovensko-po\u013esko-\u010deskej liter\u00e1rno-v\u00fdtvarnej s\u00fa\u0165a\u017ee det\u00ed Tvor\u00edme vlastn\u00fa knihu.<img loading=\"lazy\" decoding=\"async\" class=\"alignright size-medium wp-image-1579\" src=\"http:\/\/www.krajskakniznicazilina.sk\/clanky\/2018\/04\/ddk1.jpg\" alt=\"\" width=\"300\" height=\"200\" \/><\/p>\n<p style=\"text-align: justify;\">Festival bol sl\u00e1vnostne otvoren\u00fd 17. apr\u00edla na ceremoni\u00e1li v\u00a0Mestskom divadle v \u017diline. Na sprievodnom programe sa podie\u013eali mlad\u00e9 basketbalistky z\u00a0Basketbalov\u00e9ho klubu ml\u00e1de\u017ee \u017dilina, folkloristi z\u00a0Detsk\u00e9ho folkl\u00f3rneho s\u00faboru Stavb\u00e1rik, \u017dilinsk\u00e9 ma\u017eoretky Diana a\u00a0baletky z\u00a0Baletnej \u0161koly Pointe.<!--more--><\/p>\n<p style=\"text-align: justify;\"><em>\u201eDni detskej knihy s\u00fa sviatkom. Sviatkom, kedy spisovatelia od\u00eddu od po\u010d\u00edta\u010dov, maliari z\u00a0ateli\u00e9rov a\u00a0aj deti zdvihn\u00fa zrak od mobilov a\u00a0po\u010d\u00edta\u010dov. Tak\u00fd z\u00e1zrak sa stal a\u00a0v\u00a0jednom meste sa stretlo naraz to\u013eko \u013eud\u00ed, ktor\u00ed detsk\u00e9 knihy p\u00ed\u0161u, ilustruj\u00fa, \u010d\u00edtaj\u00fa, ktor\u00ed s\u00a0nimi pracuj\u00fa.\u201c <\/em>povedala spisovate\u013eka To\u0148a Revayov\u00e1 vo svojom pr\u00edhovore.<\/p>\n<p style=\"text-align: justify;\">Deti sa s\u00a0tvorcami kn\u00edh stretli na besed\u00e1ch, na ktor\u00fdch hovorili o\u00a0knih\u00e1ch, ktor\u00e9 z\u00edskali ocenenie Najlep\u0161ie a\u00a0najkraj\u0161ie knihy Slovenska 2016. Spisovatelia hovorili o\u00a0svojich z\u00e1\u017eitkoch s\u00a0knihami, pre\u010do sa rozhodli p\u00edsa\u0165 pr\u00e1ve pre deti a aj o\u00a0tom, kde h\u013eadaj\u00fa in\u0161pir\u00e1ciu. Ilustr\u00e1tori sa o\u00a0svoje umenie podelili nielen na besed\u00e1ch, ale aj na tvoriv\u00fdch diel\u0148ach. Mal\u00fdm umelcom pom\u00e1hali prekon\u00e1va\u0165 strach z\u00a0ve\u013ek\u00e9ho bieleho papiera.<\/p>\n<p style=\"text-align: justify;\"><img loading=\"lazy\" decoding=\"async\" class=\"alignleft size-medium wp-image-1585\" src=\"http:\/\/www.krajskakniznicazilina.sk\/clanky\/2018\/04\/ddk4.jpg\" alt=\"\" width=\"300\" height=\"200\" \/>\u201e<em>Ilustr\u00e1cia d\u00e1va knihe \u017eivot. Ke\u010f som bol mal\u00fd, \u010d\u00edtal som najsk\u00f4r obr\u00e1zky. Ke\u010f som sa nau\u010dil \u010d\u00edta\u0165, h\u013eadal som, \u010di ujo ilustr\u00e1tor neurobil pri kreslen\u00ed chybu a\u00a0nenama\u013eoval blon\u010favej princeznej \u010dierne vlasy. A\u00a0ke\u010f som bol e\u0161te v\u00e4\u010d\u0161\u00ed, za\u010dal som ilustr\u00e1cie obkres\u013eova\u0165,\u201c<\/em> spom\u00ednal akademick\u00fd maliar Stanislav Lajda.<\/p>\n<p style=\"text-align: justify;\">Tvorcovia kn\u00edh mohli obdivova\u0165 aj detsk\u00e9 dielka, ktor\u00e9 boli prihl\u00e1sen\u00e9 do s\u00fa\u0165a\u017ee Tvor\u00edme vlastn\u00fa knihu. Deti mali za \u00falohu \u201eprep\u00edsa\u0165\u201c svoju ob\u013e\u00faben\u00fa rozpr\u00e1vku. P\u00edsali o\u00a0tom, ako \u010cerven\u00e1 \u010diapo\u010dka zjedla vlka, ako princezn\u00e1 vyslobodila princa, \u010di ako repka \u0165ahala dedka. Kni\u017enicu po\u010das festivalu ozdobili v\u00fdstavy pr\u00e1c \u0161tudentov S\u00fakromnej strednej umeleckej \u0161koly v \u017diline, ilustr\u00e1cie Stanislava Lajdu a\u00a0Katar\u00edny Gasko a\u00a0v\u00fdstava najkraj\u0161\u00edch a\u00a0najlep\u0161\u00edch detsk\u00fdch kn\u00edh jari, leta, jesene a\u00a0zimy 2016 na Slovensku. Koncert Petra Va\u0148ou\u010dka, Zuzany Burianovej a\u00a0Mat\u00fa\u0161a Dobe\u0161a v\u00a0priestoroch kni\u017enice pote\u0161il ucho aj toho najn\u00e1ro\u010dnej\u0161ieho div\u00e1ka.<\/p>\n<p style=\"text-align: justify;\"><img loading=\"lazy\" decoding=\"async\" class=\"alignleft size-medium wp-image-1581\" src=\"http:\/\/www.krajskakniznicazilina.sk\/clanky\/2018\/04\/ddk2.jpg\" alt=\"\" width=\"300\" height=\"199\" \/><\/p>\n<p style=\"text-align: justify;\"><img loading=\"lazy\" decoding=\"async\" class=\"alignright size-medium wp-image-1583\" src=\"http:\/\/www.krajskakniznicazilina.sk\/clanky\/2018\/04\/ddk3.jpg\" alt=\"\" width=\"300\" height=\"200\" \/><\/p>\n<p>&nbsp;<\/p>\n<p>&nbsp;<\/p>\n<p>&nbsp;<\/p>\n<p>&nbsp;<\/p>\n<p>&nbsp;<\/p>\n<p style=\"text-align: justify;\">Posledn\u00fd de\u0148 festivalu bol ur\u010den\u00fd najm\u00e4 odbornej verejnosti \u2013 knihovn\u00edkom a\u00a0u\u010dite\u013eom. <em>\u201eSemin\u00e1r Kni\u017enica v\u00a0\u017eivote die\u0165a\u0165a chce posun\u00fa\u0165 my\u0161lienku Dn\u00ed detskej knihy \u010falej. Detsk\u00e1 kniha je kr\u00e1sna, ale mus\u00edme \u00a0ju de\u0165om vedie\u0165 p\u00fatavo prezentova\u0165. Nielen o\u00a0d\u00f4le\u017eitosti \u010d\u00edtania, ale aj o\u00a0pr\u00e1ci s\u00a0detsk\u00fdm \u010ditate\u013eom n\u00e1m hovorili hostia z\u00a0cel\u00e9ho Slovenska\u201c <\/em>uzavrela riadite\u013eka kni\u017enice Katar\u00edna \u0160u\u0161oliakov\u00e1.<\/p>\n<p style=\"text-align: justify;\">Festival s\u00edce skon\u010dil, ale pr\u00e1ca knihovn\u00edkov neust\u00e1va. Ka\u017ed\u00fd mesiac s\u00fa pre v\u00e1s v\u00a0kni\u017enici pripraven\u00e9 nielen detsk\u00e9 \u010ditate\u013esk\u00e9 kluby, \u010fal\u0161ie besedy s\u00a0autormi a\u00a0tvoriv\u00e9 dielne. Do \u010d\u00edtania, priatelia!<\/p>\n<p style=\"text-align: justify;\"><strong>Mgr. Anna Berthotyov\u00e1<\/strong>, koordin\u00e1torka\u00a0 kult\u00farno-v\u00fdchovnej \u010dinnosti<\/p>\n<p style=\"text-align: justify;\"><strong>Fotogal\u00e9ria<\/strong>: <a href=\"https:\/\/www.flickr.com\/photos\/141951417@N06\/albums\/72157695860728325\">Dni detskej knihy 2018<\/a><\/p>\n","protected":false},"excerpt":{"rendered":"<p>Krajsk\u00e1 kni\u017enica v\u00a0\u017diline, organiz\u00e1cia v\u00a0zria\u010fovate\u013eskej p\u00f4sobnosti \u017dilinsk\u00e9ho samospr\u00e1vneho kraja, v spolupr\u00e1ci s mestom \u017dilina, BIBIANOU, medzin\u00e1rodn\u00fdm domom umenia pre deti a Slovenskou sekciou IBBY (Board on Books for Young People) zorganizovali u\u017e 35. ro\u010dn\u00edk festivalu Dni detskej knihy. Festival z verejn\u00fdch zdrojov podporili Fond na podporu umenia (hlavn\u00fd partner) a \u017dilinsk\u00fd samospr\u00e1vny kraj a\u00a0konal sa &#8230; <a title=\"Ako sme s\u00a0de\u0165mi objavovali knihy\" class=\"read-more\" href=\"https:\/\/www.krajskakniznicazilina.sk\/index.php\/2018\/04\/25\/ako-sme-s-detmi-objavovali-knihy\/\" aria-label=\"Pre\u010d\u00edtajte si viac o Ako sme s\u00a0de\u0165mi objavovali knihy\">\u010c\u00edta\u0165 viac<\/a><\/p>\n","protected":false},"author":1,"featured_media":0,"comment_status":"open","ping_status":"open","sticky":false,"template":"","format":"image","meta":{"footnotes":""},"categories":[19,43],"tags":[],"class_list":["post-1578","post","type-post","status-publish","format-image","hentry","category-tlacova-sprava","category-tvk","post_format-post-format-image"],"_links":{"self":[{"href":"https:\/\/www.krajskakniznicazilina.sk\/index.php\/wp-json\/wp\/v2\/posts\/1578","targetHints":{"allow":["GET"]}}],"collection":[{"href":"https:\/\/www.krajskakniznicazilina.sk\/index.php\/wp-json\/wp\/v2\/posts"}],"about":[{"href":"https:\/\/www.krajskakniznicazilina.sk\/index.php\/wp-json\/wp\/v2\/types\/post"}],"author":[{"embeddable":true,"href":"https:\/\/www.krajskakniznicazilina.sk\/index.php\/wp-json\/wp\/v2\/users\/1"}],"replies":[{"embeddable":true,"href":"https:\/\/www.krajskakniznicazilina.sk\/index.php\/wp-json\/wp\/v2\/comments?post=1578"}],"version-history":[{"count":12,"href":"https:\/\/www.krajskakniznicazilina.sk\/index.php\/wp-json\/wp\/v2\/posts\/1578\/revisions"}],"predecessor-version":[{"id":2373,"href":"https:\/\/www.krajskakniznicazilina.sk\/index.php\/wp-json\/wp\/v2\/posts\/1578\/revisions\/2373"}],"wp:attachment":[{"href":"https:\/\/www.krajskakniznicazilina.sk\/index.php\/wp-json\/wp\/v2\/media?parent=1578"}],"wp:term":[{"taxonomy":"category","embeddable":true,"href":"https:\/\/www.krajskakniznicazilina.sk\/index.php\/wp-json\/wp\/v2\/categories?post=1578"},{"taxonomy":"post_tag","embeddable":true,"href":"https:\/\/www.krajskakniznicazilina.sk\/index.php\/wp-json\/wp\/v2\/tags?post=1578"}],"curies":[{"name":"wp","href":"https:\/\/api.w.org\/{rel}","templated":true}]}}