{"id":15799,"date":"2025-08-28T10:48:20","date_gmt":"2025-08-28T08:48:20","guid":{"rendered":"https:\/\/www.krajskakniznicazilina.sk\/?p=15799"},"modified":"2025-08-28T10:55:28","modified_gmt":"2025-08-28T08:55:28","slug":"citatelsky-preukaz-nie-je-len-chvilkovy-zazitok","status":"publish","type":"post","link":"https:\/\/www.krajskakniznicazilina.sk\/index.php\/2025\/08\/28\/citatelsky-preukaz-nie-je-len-chvilkovy-zazitok\/","title":{"rendered":"\u010citate\u013esk\u00fd preukaz nie je len chv\u00ed\u013ekov\u00fd z\u00e1\u017eitok!"},"content":{"rendered":"<p style=\"text-align: justify;\"><a href=\"https:\/\/www.krajskakniznicazilina.sk\/wp-content\/uploads\/2025\/08\/oznam-o-cen\u00e1ch-2025-1-scaled.jpg\"><img decoding=\"async\" class=\"size-medium wp-image-15802 alignright\" src=\"https:\/\/www.krajskakniznicazilina.sk\/wp-content\/uploads\/2025\/08\/oznam-o-cen\u00e1ch-2025-1-300x212.jpg\" alt=\"plag\u00e1t\" width=\"45%\" height=\"45%\" srcset=\"https:\/\/www.krajskakniznicazilina.sk\/wp-content\/uploads\/2025\/08\/oznam-o-cen\u00e1ch-2025-1-300x212.jpg 300w, https:\/\/www.krajskakniznicazilina.sk\/wp-content\/uploads\/2025\/08\/oznam-o-cen\u00e1ch-2025-1-1024x724.jpg 1024w, https:\/\/www.krajskakniznicazilina.sk\/wp-content\/uploads\/2025\/08\/oznam-o-cen\u00e1ch-2025-1-768x543.jpg 768w, https:\/\/www.krajskakniznicazilina.sk\/wp-content\/uploads\/2025\/08\/oznam-o-cen\u00e1ch-2025-1-1536x1086.jpg 1536w, https:\/\/www.krajskakniznicazilina.sk\/wp-content\/uploads\/2025\/08\/oznam-o-cen\u00e1ch-2025-1-2048x1448.jpg 2048w\" sizes=\"(max-width: 300px) 100vw, 300px\" \/><\/a>Mil\u00ed na\u0161i \u010ditatelia! Od 1. septembra 2025 musela Krajsk\u00e1 kni\u017enica v\u00a0\u017diline prist\u00fapi\u0165 k\u00a0zv\u00fd\u0161eniu poplatkov za kni\u017eni\u010dn\u00e9 slu\u017eby. <strong>Tento krok je pre n\u00e1s ve\u013emi \u0165a\u017ek\u00fd a\u00a0uvedomujeme si, \u017ee v\u00e1s zasiahne. <\/strong><\/p>\n<p style=\"text-align: justify;\"><strong>Av\u0161ak len <\/strong>1 euro mesa\u010dne, t. j. 12 \u00a0eur ro\u010dne v\u00e1s stoj\u00ed \u010ditate\u013esk\u00fd preukaz po zv\u00fd\u0161en\u00ed registra\u010dn\u00e9ho poplatku. Aj v dne\u0161nej finan\u010dne ne\u013eahkej situ\u00e1cii v\u00e1m chceme za t\u00fato sumu poskytova\u0165 \u00a0kvalitn\u00e9 kni\u017eni\u010dn\u00e9 slu\u017eby, \u00a0vytv\u00e1ra\u0165 \u0161irok\u00fa ponuku kn\u00edh, by\u0165 s\u00fa\u010das\u0165ou v\u00e1\u0161ho ka\u017edodenn\u00e9ho \u017eivota. <strong>Pros\u00edme preto o va\u0161u podporu a zachovanie priazne, s\u00fa pre n\u00e1s nesmierne d\u00f4le\u017eit\u00e9. <\/strong>V\u010faka va\u0161ej podpore dok\u00e1\u017eeme viac.<\/p>\n","protected":false},"excerpt":{"rendered":"<p>Mil\u00ed na\u0161i \u010ditatelia! Od 1. septembra 2025 musela Krajsk\u00e1 kni\u017enica v\u00a0\u017diline prist\u00fapi\u0165 k\u00a0zv\u00fd\u0161eniu poplatkov za kni\u017eni\u010dn\u00e9 slu\u017eby. Tento krok je pre n\u00e1s ve\u013emi \u0165a\u017ek\u00fd a\u00a0uvedomujeme si, \u017ee v\u00e1s zasiahne. Av\u0161ak len 1 euro mesa\u010dne, t. j. 12 \u00a0eur ro\u010dne v\u00e1s stoj\u00ed \u010ditate\u013esk\u00fd preukaz po zv\u00fd\u0161en\u00ed registra\u010dn\u00e9ho poplatku. Aj v dne\u0161nej finan\u010dne ne\u013eahkej situ\u00e1cii v\u00e1m chceme &#8230; <a title=\"\u010citate\u013esk\u00fd preukaz nie je len chv\u00ed\u013ekov\u00fd z\u00e1\u017eitok!\" class=\"read-more\" href=\"https:\/\/www.krajskakniznicazilina.sk\/index.php\/2025\/08\/28\/citatelsky-preukaz-nie-je-len-chvilkovy-zazitok\/\" aria-label=\"Pre\u010d\u00edtajte si viac o \u010citate\u013esk\u00fd preukaz nie je len chv\u00ed\u013ekov\u00fd z\u00e1\u017eitok!\">\u010c\u00edta\u0165 viac<\/a><\/p>\n","protected":false},"author":1,"featured_media":0,"comment_status":"open","ping_status":"open","sticky":false,"template":"","format":"image","meta":{"footnotes":""},"categories":[1],"tags":[],"class_list":["post-15799","post","type-post","status-publish","format-image","hentry","category-oznam","post_format-post-format-image"],"_links":{"self":[{"href":"https:\/\/www.krajskakniznicazilina.sk\/index.php\/wp-json\/wp\/v2\/posts\/15799","targetHints":{"allow":["GET"]}}],"collection":[{"href":"https:\/\/www.krajskakniznicazilina.sk\/index.php\/wp-json\/wp\/v2\/posts"}],"about":[{"href":"https:\/\/www.krajskakniznicazilina.sk\/index.php\/wp-json\/wp\/v2\/types\/post"}],"author":[{"embeddable":true,"href":"https:\/\/www.krajskakniznicazilina.sk\/index.php\/wp-json\/wp\/v2\/users\/1"}],"replies":[{"embeddable":true,"href":"https:\/\/www.krajskakniznicazilina.sk\/index.php\/wp-json\/wp\/v2\/comments?post=15799"}],"version-history":[{"count":3,"href":"https:\/\/www.krajskakniznicazilina.sk\/index.php\/wp-json\/wp\/v2\/posts\/15799\/revisions"}],"predecessor-version":[{"id":15804,"href":"https:\/\/www.krajskakniznicazilina.sk\/index.php\/wp-json\/wp\/v2\/posts\/15799\/revisions\/15804"}],"wp:attachment":[{"href":"https:\/\/www.krajskakniznicazilina.sk\/index.php\/wp-json\/wp\/v2\/media?parent=15799"}],"wp:term":[{"taxonomy":"category","embeddable":true,"href":"https:\/\/www.krajskakniznicazilina.sk\/index.php\/wp-json\/wp\/v2\/categories?post=15799"},{"taxonomy":"post_tag","embeddable":true,"href":"https:\/\/www.krajskakniznicazilina.sk\/index.php\/wp-json\/wp\/v2\/tags?post=15799"}],"curies":[{"name":"wp","href":"https:\/\/api.w.org\/{rel}","templated":true}]}}