{"id":15832,"date":"2025-09-05T15:12:07","date_gmt":"2025-09-05T13:12:07","guid":{"rendered":"https:\/\/www.krajskakniznicazilina.sk\/?p=15832"},"modified":"2025-09-08T08:10:25","modified_gmt":"2025-09-08T06:10:25","slug":"maria-dopjerova-danthine-francuzsko-perom-a-stetcom","status":"publish","type":"post","link":"https:\/\/www.krajskakniznicazilina.sk\/index.php\/2025\/09\/05\/maria-dopjerova-danthine-francuzsko-perom-a-stetcom\/","title":{"rendered":"M\u00e1ria Dopjerov\u00e1 Danthine &#8211; Franc\u00fazsko perom a \u0161tetcom"},"content":{"rendered":"<p style=\"text-align: justify;\"><a href=\"https:\/\/www.krajskakniznicazilina.sk\/wp-content\/uploads\/2025\/09\/19.9.-par\u00ed\u017e-scaled.jpg\"><img decoding=\"async\" class=\"size-medium wp-image-15833 alignright\" src=\"https:\/\/www.krajskakniznicazilina.sk\/wp-content\/uploads\/2025\/09\/19.9.-par\u00ed\u017e-215x300.jpg\" alt=\"plag\u00e1t\" width=\"35%\" height=\"35%\" srcset=\"https:\/\/www.krajskakniznicazilina.sk\/wp-content\/uploads\/2025\/09\/19.9.-par\u00ed\u017e-215x300.jpg 215w, https:\/\/www.krajskakniznicazilina.sk\/wp-content\/uploads\/2025\/09\/19.9.-par\u00ed\u017e-735x1024.jpg 735w, https:\/\/www.krajskakniznicazilina.sk\/wp-content\/uploads\/2025\/09\/19.9.-par\u00ed\u017e-768x1071.jpg 768w, https:\/\/www.krajskakniznicazilina.sk\/wp-content\/uploads\/2025\/09\/19.9.-par\u00ed\u017e-1102x1536.jpg 1102w, https:\/\/www.krajskakniznicazilina.sk\/wp-content\/uploads\/2025\/09\/19.9.-par\u00ed\u017e-1469x2048.jpg 1469w, https:\/\/www.krajskakniznicazilina.sk\/wp-content\/uploads\/2025\/09\/19.9.-par\u00ed\u017e-scaled.jpg 1836w\" sizes=\"(max-width: 215px) 100vw, 215px\" \/><\/a>Srde\u010dne V\u00e1s poz\u00fdvame na prezent\u00e1ciu publik\u00e1cie <strong>M\u00e1rie Dopjerovej Danthine<\/strong> <em>Franc\u00fazsko perom a \u0161tetcom<\/em>, ktor\u00e1 sa uskuto\u010dn\u00ed v piatok <strong>19. septembra o 11:00<\/strong> v Krajskej kni\u017enici v \u017diline. Prezent\u00e1cia sa kon\u00e1 v r\u00e1mci <strong>\u017dilinsk\u00e9ho liter\u00e1rneho festivalu<\/strong> v spolupr\u00e1ci s kn\u00edhkupectvom Artforum v \u017diline a kult\u00farnymi centrami Nov\u00e1 synag\u00f3ga a Stanica \u017dilina-Z\u00e1rie\u010die.<\/p>\n","protected":false},"excerpt":{"rendered":"<p>Srde\u010dne V\u00e1s poz\u00fdvame na prezent\u00e1ciu publik\u00e1cie M\u00e1rie Dopjerovej Danthine Franc\u00fazsko perom a \u0161tetcom, ktor\u00e1 sa uskuto\u010dn\u00ed v piatok 19. septembra o 11:00 v Krajskej kni\u017enici v \u017diline. Prezent\u00e1cia sa kon\u00e1 v r\u00e1mci \u017dilinsk\u00e9ho liter\u00e1rneho festivalu v spolupr\u00e1ci s kn\u00edhkupectvom Artforum v \u017diline a kult\u00farnymi centrami Nov\u00e1 synag\u00f3ga a Stanica \u017dilina-Z\u00e1rie\u010die.<\/p>\n","protected":false},"author":1,"featured_media":0,"comment_status":"open","ping_status":"open","sticky":false,"template":"","format":"image","meta":{"footnotes":""},"categories":[12,80],"tags":[],"class_list":["post-15832","post","type-post","status-publish","format-image","hentry","category-podujatie","category-prezentacia-knihy","post_format-post-format-image"],"_links":{"self":[{"href":"https:\/\/www.krajskakniznicazilina.sk\/index.php\/wp-json\/wp\/v2\/posts\/15832","targetHints":{"allow":["GET"]}}],"collection":[{"href":"https:\/\/www.krajskakniznicazilina.sk\/index.php\/wp-json\/wp\/v2\/posts"}],"about":[{"href":"https:\/\/www.krajskakniznicazilina.sk\/index.php\/wp-json\/wp\/v2\/types\/post"}],"author":[{"embeddable":true,"href":"https:\/\/www.krajskakniznicazilina.sk\/index.php\/wp-json\/wp\/v2\/users\/1"}],"replies":[{"embeddable":true,"href":"https:\/\/www.krajskakniznicazilina.sk\/index.php\/wp-json\/wp\/v2\/comments?post=15832"}],"version-history":[{"count":2,"href":"https:\/\/www.krajskakniznicazilina.sk\/index.php\/wp-json\/wp\/v2\/posts\/15832\/revisions"}],"predecessor-version":[{"id":15838,"href":"https:\/\/www.krajskakniznicazilina.sk\/index.php\/wp-json\/wp\/v2\/posts\/15832\/revisions\/15838"}],"wp:attachment":[{"href":"https:\/\/www.krajskakniznicazilina.sk\/index.php\/wp-json\/wp\/v2\/media?parent=15832"}],"wp:term":[{"taxonomy":"category","embeddable":true,"href":"https:\/\/www.krajskakniznicazilina.sk\/index.php\/wp-json\/wp\/v2\/categories?post=15832"},{"taxonomy":"post_tag","embeddable":true,"href":"https:\/\/www.krajskakniznicazilina.sk\/index.php\/wp-json\/wp\/v2\/tags?post=15832"}],"curies":[{"name":"wp","href":"https:\/\/api.w.org\/{rel}","templated":true}]}}