{"id":1593,"date":"2018-05-14T14:57:33","date_gmt":"2018-05-14T12:57:33","guid":{"rendered":"http:\/\/www.krajskakniznicazilina.sk\/?p=1593"},"modified":"2018-10-11T08:33:00","modified_gmt":"2018-10-11T06:33:00","slug":"putovna-vystava-vitaznych-knih-regionalnych-citatelskych-sutazi","status":"publish","type":"post","link":"https:\/\/www.krajskakniznicazilina.sk\/index.php\/2018\/05\/14\/putovna-vystava-vitaznych-knih-regionalnych-citatelskych-sutazi\/","title":{"rendered":"Putovn\u00e1 v\u00fdstava v\u00ed\u0165azn\u00fdch kn\u00edh region\u00e1lnych \u010ditate\u013esk\u00fdch s\u00fa\u0165a\u017e\u00ed"},"content":{"rendered":"<p style=\"text-align: justify;\"><a href=\"http:\/\/www.krajskakniznicazilina.sk\/clanky\/2018\/05\/KHP17.jpg\"><img decoding=\"async\" class=\"alignleft size-medium\" src=\"http:\/\/www.krajskakniznicazilina.sk\/clanky\/2018\/05\/KHP17.jpg\" width=\"40%\" height=\"40%\" \/><\/a>Krajsk\u00e1 kni\u017enica v \u017diline v zria\u010fovate\u013eskej p\u00f4sobnosti \u017dilinsk\u00e9ho samospr\u00e1vneho kraja V\u00e1s poz\u00fdva na prezent\u00e1ciu putovnej v\u00fdstavy zostaven\u00fa z v\u00ed\u0165azn\u00fdch kn\u00edh region\u00e1lnych \u010ditate\u013esk\u00fdch s\u00fa\u0165a\u017e\u00ed za rok 2017 &#8211; Kniha Horn\u00e9ho Pova\u017eia, Kniha Turca,\u00a0 Kniha Oravy , Kniha Liptova\u00a0 a Kniha Kys\u00fac. V\u00fdstava je spr\u00edstupnen\u00e1 \u0161irokej verejnosti po\u010das otv\u00e1rac\u00edch hod\u00edn na pr\u00edzem\u00ed Krajskej kni\u017enice v \u017diline, Ul. A. Bernol\u00e1ka 47 v obdob\u00ed\u00a0 <strong>od 16.05.2018 do 20.06.2018<\/strong>. N\u00e1sledne bude v\u00fdstava\u00a0 postupne prezentovan\u00e1 vo v\u0161etk\u00fdch region\u00e1lnych kni\u017eniciach \u017dilinsk\u00e9ho samospr\u00e1vneho kraja.<\/p>\n","protected":false},"excerpt":{"rendered":"<p>Krajsk\u00e1 kni\u017enica v \u017diline v zria\u010fovate\u013eskej p\u00f4sobnosti \u017dilinsk\u00e9ho samospr\u00e1vneho kraja V\u00e1s poz\u00fdva na prezent\u00e1ciu putovnej v\u00fdstavy zostaven\u00fa z v\u00ed\u0165azn\u00fdch kn\u00edh region\u00e1lnych \u010ditate\u013esk\u00fdch s\u00fa\u0165a\u017e\u00ed za rok 2017 &#8211; Kniha Horn\u00e9ho Pova\u017eia, Kniha Turca,\u00a0 Kniha Oravy , Kniha Liptova\u00a0 a Kniha Kys\u00fac. V\u00fdstava je spr\u00edstupnen\u00e1 \u0161irokej verejnosti po\u010das otv\u00e1rac\u00edch hod\u00edn na pr\u00edzem\u00ed Krajskej kni\u017enice v \u017diline, Ul. &#8230; <a title=\"Putovn\u00e1 v\u00fdstava v\u00ed\u0165azn\u00fdch kn\u00edh region\u00e1lnych \u010ditate\u013esk\u00fdch s\u00fa\u0165a\u017e\u00ed\" class=\"read-more\" href=\"https:\/\/www.krajskakniznicazilina.sk\/index.php\/2018\/05\/14\/putovna-vystava-vitaznych-knih-regionalnych-citatelskych-sutazi\/\" aria-label=\"Pre\u010d\u00edtajte si viac o Putovn\u00e1 v\u00fdstava v\u00ed\u0165azn\u00fdch kn\u00edh region\u00e1lnych \u010ditate\u013esk\u00fdch s\u00fa\u0165a\u017e\u00ed\">\u010c\u00edta\u0165 viac<\/a><\/p>\n","protected":false},"author":1,"featured_media":0,"comment_status":"open","ping_status":"open","sticky":false,"template":"","format":"image","meta":{"footnotes":""},"categories":[15],"tags":[],"class_list":["post-1593","post","type-post","status-publish","format-image","hentry","category-vystava","post_format-post-format-image"],"_links":{"self":[{"href":"https:\/\/www.krajskakniznicazilina.sk\/index.php\/wp-json\/wp\/v2\/posts\/1593","targetHints":{"allow":["GET"]}}],"collection":[{"href":"https:\/\/www.krajskakniznicazilina.sk\/index.php\/wp-json\/wp\/v2\/posts"}],"about":[{"href":"https:\/\/www.krajskakniznicazilina.sk\/index.php\/wp-json\/wp\/v2\/types\/post"}],"author":[{"embeddable":true,"href":"https:\/\/www.krajskakniznicazilina.sk\/index.php\/wp-json\/wp\/v2\/users\/1"}],"replies":[{"embeddable":true,"href":"https:\/\/www.krajskakniznicazilina.sk\/index.php\/wp-json\/wp\/v2\/comments?post=1593"}],"version-history":[{"count":6,"href":"https:\/\/www.krajskakniznicazilina.sk\/index.php\/wp-json\/wp\/v2\/posts\/1593\/revisions"}],"predecessor-version":[{"id":2416,"href":"https:\/\/www.krajskakniznicazilina.sk\/index.php\/wp-json\/wp\/v2\/posts\/1593\/revisions\/2416"}],"wp:attachment":[{"href":"https:\/\/www.krajskakniznicazilina.sk\/index.php\/wp-json\/wp\/v2\/media?parent=1593"}],"wp:term":[{"taxonomy":"category","embeddable":true,"href":"https:\/\/www.krajskakniznicazilina.sk\/index.php\/wp-json\/wp\/v2\/categories?post=1593"},{"taxonomy":"post_tag","embeddable":true,"href":"https:\/\/www.krajskakniznicazilina.sk\/index.php\/wp-json\/wp\/v2\/tags?post=1593"}],"curies":[{"name":"wp","href":"https:\/\/api.w.org\/{rel}","templated":true}]}}