{"id":15987,"date":"2025-10-05T09:10:06","date_gmt":"2025-10-05T07:10:06","guid":{"rendered":"https:\/\/www.krajskakniznicazilina.sk\/?p=15987"},"modified":"2025-10-30T12:02:08","modified_gmt":"2025-10-30T11:02:08","slug":"prechod-na-aktualizovany-kniznicny-system","status":"publish","type":"post","link":"https:\/\/www.krajskakniznicazilina.sk\/index.php\/2025\/10\/05\/prechod-na-aktualizovany-kniznicny-system\/","title":{"rendered":"Prechod na aktualizovan\u00fd kni\u017eni\u010dn\u00fd syst\u00e9m"},"content":{"rendered":"<p style=\"text-align: justify;\"><a href=\"https:\/\/www.krajskakniznicazilina.sk\/clanky\/2025\/10\/oznam%20zatvorenie%20KIS.jpg\"><img decoding=\"async\" class=\"size-medium alignright\" src=\"https:\/\/www.krajskakniznicazilina.sk\/clanky\/2025\/10\/oznam%20zatvorenie%20KIS.jpg\" alt=\"plag\u00e1t\" width=\"40%\" height=\"40%\" \/><\/a>V\u00e1\u017een\u00ed \u010ditatelia, Krajsk\u00e1 <strong>kni\u017enica<\/strong> v \u017diline pripravuje <b>upgrade kni\u017eno-informa\u010dn\u00e9ho syst\u00e9mu<\/b>, aby sme <span style=\"color: #1f497d;\">V<\/span>\u00e1m mohli v bud\u00facnosti poskytova\u0165 kvalitnej\u0161ie a modernej\u0161ie slu\u017eby. <span style=\"color: #1f497d;\">O<\/span>str\u00fd \u0161tart n\u00e1s \u010dak\u00e1 29. okt\u00f3bra 2025. Z d\u00f4vodu prechodu na vy\u0161\u0161iu verziu syst\u00e9mu bude nieko\u013eko obmedzen\u00ed v prev\u00e1dzke.<\/p>\n<h3 style=\"text-align: justify;\"><strong>Kni\u017enica<\/strong> bude <strong>zatvoren\u00e1 od 25. do 28. okt\u00f3bra 2025<\/strong>. \u00a0<span style=\"text-decoration: underline;\">V\u00a0kni\u017enici V\u00e1s priv\u00edtame v stredu 29. okt\u00f3bra<\/span> po\u010das be\u017en\u00fdch otv\u00e1rac\u00edch hod\u00edn.<\/h3>\n<p style=\"text-align: justify;\"><b>Online katal\u00f3g<\/b> bude <strong>nedostupn\u00fd od 24. okt\u00f3bra<\/strong>, po spusten\u00ed syst\u00e9mu sa V\u00e1m predstav\u00ed v novej podobe (Po\u010das prechodn\u00e9ho obdobia bud\u00fa obmedzen\u00e9 aj doplnkov\u00e9 slu\u017eby napr. online rezerv\u00e1cie a objedn\u00e1vky).<\/p>\n<p>Napl\u00e1novan\u00e9 <strong>podujatia sa uskuto\u010dnia<\/strong> v priestoroch kni\u017enice aj po\u010das obdobia obmedzen\u00ed (vr\u00e1tane 27. a 28. okt\u00f3bra).<\/p>\n<p style=\"text-align: justify;\">S\u00a0obmedzeniami a\u00a0\u010dasov\u00fdm zdr\u017ean\u00edm bude fungova\u0165 <b>medzikni\u017eni\u010dn\u00e1 v\u00fdpo\u017ei\u010dn\u00e1 slu\u017eba<\/b>.<!--more--><\/p>\n<p style=\"text-align: justify;\">Po\u010das zatvorenia m\u00f4\u017eete knihy vr\u00e1ti\u0165 cez bibliobox, resp. ich vr\u00e1tite po otvoren\u00ed kni\u017enice, upomienky bud\u00fa do\u010dasne pozastaven\u00e9 v term\u00edne od 25.okt\u00f3bra do 31.okt\u00f3bra 2025. Z\u00e1rove\u0148 si V\u00e1s dovo\u013eujeme upozorni\u0165, \u017ee Krajsk\u00e1 kni\u017enica v \u017diline prist\u00fapi\u00a0<strong>od 29.10.2025 k zv\u00fd\u0161eniu cien upomienok<\/strong> za nedodr\u017eanie v\u00fdpo\u017ei\u010dnej doby. Upomienka sa bude vytv\u00e1ra\u0165 na ka\u017ed\u00fd vypo\u017ei\u010dan\u00fd dokument vo v\u00fd\u0161ke\u00a0<span style=\"text-decoration: underline;\">0,10 \u20ac denne v obdob\u00ed od 1. do 30. d\u0148a<\/span>\u00a0od uplynutia v\u00fdpo\u017ei\u010dnej doby,\u00a0<span style=\"text-decoration: underline;\">n\u00e1sledne<\/span>\u00a0sa denn\u00e1 upomienka zvy\u0161uje na\u00a0<span style=\"text-decoration: underline;\">0,20 \u20ac\/de\u0148<\/span>. Cie\u013eom je spr\u00edstupni\u0165 \u00a0knihy \u0161irok\u00e9mu okruhu \u010ditate\u013eov, nako\u013eko ich kni\u017enica vlastn\u00ed v obmedzenom po\u010dte kusov (exempl\u00e1rov). Odpor\u00fa\u010dame V\u00e1m vysporiada\u0165 si podl\u017enosti vo\u010di kni\u017enici a vr\u00e1ti\u0165 knihy, ktor\u00e9 m\u00e1te vypo\u017ei\u010dan\u00e9 po uplynut\u00ed v\u00fdpo\u017ei\u010dnej doby, resp. pozrie\u0165 si aktu\u00e1lny cenn\u00edk kni\u017enice.<\/p>\n<p style=\"text-align: justify;\"><span style=\"text-align: justify;\">Z d\u00f4vodu aktualiz\u00e1cie kni\u017eni\u010dno-informa\u010dn\u00e9ho syst\u00e9mu Krajsk\u00e1 kni\u017enica v \u017diline men\u00ed aj\u00a0<\/span><strong style=\"text-align: justify;\">digit\u00e1lne preukazy<\/strong><span style=\"text-align: justify;\">. Po 24.10.2025 aktu\u00e1lne digit\u00e1lne preukazy nebud\u00fa spolupracova\u0165 s kni\u017eni\u010dn\u00fdm syst\u00e9mom.\u00a0<\/span><strong style=\"text-align: justify;\">Po 29.10. bud\u00fa<\/strong><span style=\"text-align: justify;\">\u00a0<\/span><strong style=\"text-align: justify;\">\u010ditate\u013eom<\/strong><span style=\"text-align: justify;\">\u00a0postupne\u00a0<\/span><strong style=\"text-align: justify;\">na po\u017eiadanie rozposielan\u00e9 e-maily<\/strong><span style=\"text-align: justify;\">\u00a0s linkom\u00a0<\/span><strong style=\"text-align: justify;\">pre stiahnutie nov\u00e9ho digit\u00e1lneho preukazu<\/strong><span style=\"text-align: justify;\">. V pr\u00edpade, \u017ee nem\u00e1te papierov\u00fd \u00a0preukaz, m\u00f4\u017eete sa pri vstupe do kni\u017enice preuk\u00e1za\u0165 ob\u010dianskym preukazom.<\/span><\/p>\n<p style=\"text-align: justify;\">Za pochopenie \u010fakujeme a ospravedl\u0148ujeme sa za vzniknut\u00e9 komplik\u00e1cie.<\/p>\n","protected":false},"excerpt":{"rendered":"<p>V\u00e1\u017een\u00ed \u010ditatelia, Krajsk\u00e1 kni\u017enica v \u017diline pripravuje upgrade kni\u017eno-informa\u010dn\u00e9ho syst\u00e9mu, aby sme V\u00e1m mohli v bud\u00facnosti poskytova\u0165 kvalitnej\u0161ie a modernej\u0161ie slu\u017eby. Ostr\u00fd \u0161tart n\u00e1s \u010dak\u00e1 29. okt\u00f3bra 2025. Z d\u00f4vodu prechodu na vy\u0161\u0161iu verziu syst\u00e9mu bude nieko\u013eko obmedzen\u00ed v prev\u00e1dzke. Kni\u017enica bude zatvoren\u00e1 od 25. do 28. okt\u00f3bra 2025. \u00a0V\u00a0kni\u017enici V\u00e1s priv\u00edtame v stredu 29. &#8230; <a title=\"Prechod na aktualizovan\u00fd kni\u017eni\u010dn\u00fd syst\u00e9m\" class=\"read-more\" href=\"https:\/\/www.krajskakniznicazilina.sk\/index.php\/2025\/10\/05\/prechod-na-aktualizovany-kniznicny-system\/\" aria-label=\"Pre\u010d\u00edtajte si viac o Prechod na aktualizovan\u00fd kni\u017eni\u010dn\u00fd syst\u00e9m\">\u010c\u00edta\u0165 viac<\/a><\/p>\n","protected":false},"author":1,"featured_media":0,"comment_status":"open","ping_status":"open","sticky":false,"template":"","format":"image","meta":{"footnotes":""},"categories":[1],"tags":[],"class_list":["post-15987","post","type-post","status-publish","format-image","hentry","category-oznam","post_format-post-format-image"],"_links":{"self":[{"href":"https:\/\/www.krajskakniznicazilina.sk\/index.php\/wp-json\/wp\/v2\/posts\/15987","targetHints":{"allow":["GET"]}}],"collection":[{"href":"https:\/\/www.krajskakniznicazilina.sk\/index.php\/wp-json\/wp\/v2\/posts"}],"about":[{"href":"https:\/\/www.krajskakniznicazilina.sk\/index.php\/wp-json\/wp\/v2\/types\/post"}],"author":[{"embeddable":true,"href":"https:\/\/www.krajskakniznicazilina.sk\/index.php\/wp-json\/wp\/v2\/users\/1"}],"replies":[{"embeddable":true,"href":"https:\/\/www.krajskakniznicazilina.sk\/index.php\/wp-json\/wp\/v2\/comments?post=15987"}],"version-history":[{"count":19,"href":"https:\/\/www.krajskakniznicazilina.sk\/index.php\/wp-json\/wp\/v2\/posts\/15987\/revisions"}],"predecessor-version":[{"id":16066,"href":"https:\/\/www.krajskakniznicazilina.sk\/index.php\/wp-json\/wp\/v2\/posts\/15987\/revisions\/16066"}],"wp:attachment":[{"href":"https:\/\/www.krajskakniznicazilina.sk\/index.php\/wp-json\/wp\/v2\/media?parent=15987"}],"wp:term":[{"taxonomy":"category","embeddable":true,"href":"https:\/\/www.krajskakniznicazilina.sk\/index.php\/wp-json\/wp\/v2\/categories?post=15987"},{"taxonomy":"post_tag","embeddable":true,"href":"https:\/\/www.krajskakniznicazilina.sk\/index.php\/wp-json\/wp\/v2\/tags?post=15987"}],"curies":[{"name":"wp","href":"https:\/\/api.w.org\/{rel}","templated":true}]}}