{"id":16014,"date":"2025-10-21T07:02:03","date_gmt":"2025-10-21T05:02:03","guid":{"rendered":"https:\/\/www.krajskakniznicazilina.sk\/?p=16014"},"modified":"2025-10-06T13:44:11","modified_gmt":"2025-10-06T11:44:11","slug":"poodhalte-tvare-pezrskeho-arabskeho-zalivu","status":"publish","type":"post","link":"https:\/\/www.krajskakniznicazilina.sk\/index.php\/2025\/10\/21\/poodhalte-tvare-pezrskeho-arabskeho-zalivu\/","title":{"rendered":"Poodha\u013ete tv\u00e1re Perzsk\u00e9ho \/ Arabsk\u00e9ho z\u00e1livu"},"content":{"rendered":"<p style=\"text-align: justify;\"><a href=\"https:\/\/www.krajskakniznicazilina.sk\/clanky\/2025\/11\/tv%C3%A1re%20Persk%C3%A9ho%20%20Arabsk%C3%A9ho%20z%C3%A1livu.jpg\"><img decoding=\"async\" class=\"alignleft size-medium\" src=\"https:\/\/www.krajskakniznicazilina.sk\/clanky\/2025\/11\/tv%C3%A1re%20Persk%C3%A9ho%20%20Arabsk%C3%A9ho%20z%C3%A1livu.jpg\" alt=\"plag\u00e1t\" width=\"40%\" height=\"40%\" \/><\/a>Chcete spozna\u0165 kr\u00e1su, kult\u00faru a jedine\u010dn\u00fd charakter tohto fascinuj\u00faceho regi\u00f3nu? Za\u017eite <strong>cestovate\u013esk\u00fa besedu <\/strong>in\u0161pirovan\u00fa kalend\u00e1rom na rok 2026 a poodha\u013ete tv\u00e1re Perzsk\u00e9ho a Arabsk\u00e9ho z\u00e1livu. Autormi fotografi\u00ed s\u00fa Pavol Vitek a Sylvia Anna Vitekov\u00e1. Pr\u00ed\u010fte si vychutna\u0165 vizu\u00e1lnu cestu ukryt\u00fa v kalend\u00e1ri <strong>vo \u0161tvrtok 13. novembra o 16:00<\/strong>\u00a0do Krajskej kni\u017enice v \u017diline.<\/p>\n<p style=\"text-align: justify;\">Tento kalend\u00e1r bude u\u017e piaty cestovate\u013esk\u00fd kalend\u00e1r v porad\u00ed, z predo\u0161l\u00fdch kalend\u00e1rov to boli Poodha\u013ete tv\u00e1re Pobaltia (2025), Poodha\u013ete tv\u00e1re Strednej \u00c1zie (2024), Poodha\u013ete tv\u00e1re Panamy (2023) a Bajkal (2022). Kalend\u00e1r Bajkal vznikol ako po\u010fakovanie sponzorom knihy Bajkal, slavnoje more.<\/p>\n","protected":false},"excerpt":{"rendered":"<p>Chcete spozna\u0165 kr\u00e1su, kult\u00faru a jedine\u010dn\u00fd charakter tohto fascinuj\u00faceho regi\u00f3nu? Za\u017eite cestovate\u013esk\u00fa besedu in\u0161pirovan\u00fa kalend\u00e1rom na rok 2026 a poodha\u013ete tv\u00e1re Perzsk\u00e9ho a Arabsk\u00e9ho z\u00e1livu. Autormi fotografi\u00ed s\u00fa Pavol Vitek a Sylvia Anna Vitekov\u00e1. Pr\u00ed\u010fte si vychutna\u0165 vizu\u00e1lnu cestu ukryt\u00fa v kalend\u00e1ri vo \u0161tvrtok 13. novembra o 16:00\u00a0do Krajskej kni\u017enice v \u017diline. Tento kalend\u00e1r bude &#8230; <a title=\"Poodha\u013ete tv\u00e1re Perzsk\u00e9ho \/ Arabsk\u00e9ho z\u00e1livu\" class=\"read-more\" href=\"https:\/\/www.krajskakniznicazilina.sk\/index.php\/2025\/10\/21\/poodhalte-tvare-pezrskeho-arabskeho-zalivu\/\" aria-label=\"Pre\u010d\u00edtajte si viac o Poodha\u013ete tv\u00e1re Perzsk\u00e9ho \/ Arabsk\u00e9ho z\u00e1livu\">\u010c\u00edta\u0165 viac<\/a><\/p>\n","protected":false},"author":1,"featured_media":0,"comment_status":"open","ping_status":"open","sticky":false,"template":"","format":"image","meta":{"footnotes":""},"categories":[21,12],"tags":[],"class_list":["post-16014","post","type-post","status-publish","format-image","hentry","category-cestovatelska-beseda","category-podujatie","post_format-post-format-image"],"_links":{"self":[{"href":"https:\/\/www.krajskakniznicazilina.sk\/index.php\/wp-json\/wp\/v2\/posts\/16014","targetHints":{"allow":["GET"]}}],"collection":[{"href":"https:\/\/www.krajskakniznicazilina.sk\/index.php\/wp-json\/wp\/v2\/posts"}],"about":[{"href":"https:\/\/www.krajskakniznicazilina.sk\/index.php\/wp-json\/wp\/v2\/types\/post"}],"author":[{"embeddable":true,"href":"https:\/\/www.krajskakniznicazilina.sk\/index.php\/wp-json\/wp\/v2\/users\/1"}],"replies":[{"embeddable":true,"href":"https:\/\/www.krajskakniznicazilina.sk\/index.php\/wp-json\/wp\/v2\/comments?post=16014"}],"version-history":[{"count":5,"href":"https:\/\/www.krajskakniznicazilina.sk\/index.php\/wp-json\/wp\/v2\/posts\/16014\/revisions"}],"predecessor-version":[{"id":16019,"href":"https:\/\/www.krajskakniznicazilina.sk\/index.php\/wp-json\/wp\/v2\/posts\/16014\/revisions\/16019"}],"wp:attachment":[{"href":"https:\/\/www.krajskakniznicazilina.sk\/index.php\/wp-json\/wp\/v2\/media?parent=16014"}],"wp:term":[{"taxonomy":"category","embeddable":true,"href":"https:\/\/www.krajskakniznicazilina.sk\/index.php\/wp-json\/wp\/v2\/categories?post=16014"},{"taxonomy":"post_tag","embeddable":true,"href":"https:\/\/www.krajskakniznicazilina.sk\/index.php\/wp-json\/wp\/v2\/tags?post=16014"}],"curies":[{"name":"wp","href":"https:\/\/api.w.org\/{rel}","templated":true}]}}