{"id":16051,"date":"2025-10-14T07:03:54","date_gmt":"2025-10-14T05:03:54","guid":{"rendered":"https:\/\/www.krajskakniznicazilina.sk\/?p=16051"},"modified":"2025-10-17T13:25:17","modified_gmt":"2025-10-17T11:25:17","slug":"klub-u-knihulky-spinkaj-maly-jezko","status":"publish","type":"post","link":"https:\/\/www.krajskakniznicazilina.sk\/index.php\/2025\/10\/14\/klub-u-knihulky-spinkaj-maly-jezko\/","title":{"rendered":"Klub u Knihu\u013eky &#8211; Spinkaj mal\u00fd je\u017eko"},"content":{"rendered":"<p style=\"text-align: justify;\"><a href=\"https:\/\/www.krajskakniznicazilina.sk\/clanky\/2025\/11\/klub%20u%20knihulky%2011.jpg\"><img decoding=\"async\" class=\"alignright size-medium\" src=\"https:\/\/www.krajskakniznicazilina.sk\/clanky\/2025\/11\/klub%20u%20knihulky%2011.jpg\" alt=\"plag\u00e1t\" width=\"40%\" height=\"40%\" \/><\/a>Prich\u00e1dza jese\u0148 a n\u00e1\u0161 mal\u00fd je\u017eko sa u\u017e pomaly chyst\u00e1 na zimn\u00fd sp\u00e1nok. Pr\u00ed\u010fte sa s nami rozl\u00fa\u010di\u0165 s lesn\u00fdmi zvieratkami a pripravi\u0165 ich na zimu. Pom\u00f4\u017eete n\u00e1m uspa\u0165 kamar\u00e1ta je\u017eka z lesa. Zahr\u00e1me sa jesenn\u00e9 hry, priprav\u00edme mu pelech z l\u00edstia a zaspievame mu nie\u010do pekn\u00e9 na dobr\u00fa noc. Tvoriv\u00e9 dielne bud\u00fa pln\u00e9 l\u00edstia, ga\u0161tanov a jesennej n\u00e1lady. Po\u010fte sa s nami rozl\u00fa\u010di\u0165 s jesenn\u00fdm lesom <strong>4. a 20. novembra o 10:30<\/strong> v Krajskej kni\u017enici v \u017diline.<\/p>\n<p style=\"text-align: justify;\">Klub u Knihu\u013eky je ur\u010den\u00fd pre deti vo veku 2 a\u017e 4 roky v sprievode dospelej osoby. Podmienkou je platn\u00fd \u010ditate\u013esk\u00fd preukaz a je potrebn\u00e9 sa prihl\u00e1si\u0165 vopred:<\/p>\n<ul>\n<li style=\"text-align: justify;\">utorok <strong>4.11.2025 &#8211; <a href=\"https:\/\/forms.gle\/Ay2Rem5JnB1s8Fde7\">https:\/\/forms.gle\/Ay2Rem5JnB1s8Fde7<\/a><\/strong><\/li>\n<li style=\"text-align: justify;\">\u0161tvrtok <strong>20.11.2025 &#8211; <a href=\"https:\/\/forms.gle\/ge8PKVarpNGU5v1Y9\">https:\/\/forms.gle\/ge8PKVarpNGU5v1Y9<\/a><\/strong><\/li>\n<\/ul>\n","protected":false},"excerpt":{"rendered":"<p>Prich\u00e1dza jese\u0148 a n\u00e1\u0161 mal\u00fd je\u017eko sa u\u017e pomaly chyst\u00e1 na zimn\u00fd sp\u00e1nok. Pr\u00ed\u010fte sa s nami rozl\u00fa\u010di\u0165 s lesn\u00fdmi zvieratkami a pripravi\u0165 ich na zimu. Pom\u00f4\u017eete n\u00e1m uspa\u0165 kamar\u00e1ta je\u017eka z lesa. Zahr\u00e1me sa jesenn\u00e9 hry, priprav\u00edme mu pelech z l\u00edstia a zaspievame mu nie\u010do pekn\u00e9 na dobr\u00fa noc. Tvoriv\u00e9 dielne bud\u00fa pln\u00e9 l\u00edstia, &#8230; <a title=\"Klub u Knihu\u013eky &#8211; Spinkaj mal\u00fd je\u017eko\" class=\"read-more\" href=\"https:\/\/www.krajskakniznicazilina.sk\/index.php\/2025\/10\/14\/klub-u-knihulky-spinkaj-maly-jezko\/\" aria-label=\"Pre\u010d\u00edtajte si viac o Klub u Knihu\u013eky &#8211; Spinkaj mal\u00fd je\u017eko\">\u010c\u00edta\u0165 viac<\/a><\/p>\n","protected":false},"author":1,"featured_media":0,"comment_status":"open","ping_status":"open","sticky":false,"template":"","format":"image","meta":{"footnotes":""},"categories":[23,35,12,73],"tags":[],"class_list":["post-16051","post","type-post","status-publish","format-image","hentry","category-klub","category-knihulka","category-podujatie","category-pre-deti","post_format-post-format-image"],"_links":{"self":[{"href":"https:\/\/www.krajskakniznicazilina.sk\/index.php\/wp-json\/wp\/v2\/posts\/16051","targetHints":{"allow":["GET"]}}],"collection":[{"href":"https:\/\/www.krajskakniznicazilina.sk\/index.php\/wp-json\/wp\/v2\/posts"}],"about":[{"href":"https:\/\/www.krajskakniznicazilina.sk\/index.php\/wp-json\/wp\/v2\/types\/post"}],"author":[{"embeddable":true,"href":"https:\/\/www.krajskakniznicazilina.sk\/index.php\/wp-json\/wp\/v2\/users\/1"}],"replies":[{"embeddable":true,"href":"https:\/\/www.krajskakniznicazilina.sk\/index.php\/wp-json\/wp\/v2\/comments?post=16051"}],"version-history":[{"count":3,"href":"https:\/\/www.krajskakniznicazilina.sk\/index.php\/wp-json\/wp\/v2\/posts\/16051\/revisions"}],"predecessor-version":[{"id":16077,"href":"https:\/\/www.krajskakniznicazilina.sk\/index.php\/wp-json\/wp\/v2\/posts\/16051\/revisions\/16077"}],"wp:attachment":[{"href":"https:\/\/www.krajskakniznicazilina.sk\/index.php\/wp-json\/wp\/v2\/media?parent=16051"}],"wp:term":[{"taxonomy":"category","embeddable":true,"href":"https:\/\/www.krajskakniznicazilina.sk\/index.php\/wp-json\/wp\/v2\/categories?post=16051"},{"taxonomy":"post_tag","embeddable":true,"href":"https:\/\/www.krajskakniznicazilina.sk\/index.php\/wp-json\/wp\/v2\/tags?post=16051"}],"curies":[{"name":"wp","href":"https:\/\/api.w.org\/{rel}","templated":true}]}}