{"id":16059,"date":"2025-10-15T08:23:48","date_gmt":"2025-10-15T06:23:48","guid":{"rendered":"https:\/\/www.krajskakniznicazilina.sk\/?p=16059"},"modified":"2025-10-15T12:52:34","modified_gmt":"2025-10-15T10:52:34","slug":"zastav-sa-a-mysli","status":"publish","type":"post","link":"https:\/\/www.krajskakniznicazilina.sk\/index.php\/2025\/10\/15\/zastav-sa-a-mysli\/","title":{"rendered":"ZAstav sa a MYSLI"},"content":{"rendered":"<p style=\"text-align: justify;\"><a href=\"https:\/\/www.krajskakniznicazilina.sk\/clanky\/2025\/10\/ZA%20Mysli.jpg\"><img decoding=\"async\" class=\"size-medium alignleft\" src=\"https:\/\/www.krajskakniznicazilina.sk\/clanky\/2025\/10\/ZA%20Mysli.jpg\" alt=\"plag\u00e1t\" width=\"30%\" height=\"30%\" \/><\/a>Matersk\u00e9 centrum Nez\u00e1budka poz\u00fdva na druh\u00e9 stretnutie zo s\u00e9rie in\u0161pirat\u00edvnych stretnut\u00ed v r\u00e1mci projektu ZAstav sa, ktor\u00fd vznikol v\u010faka finan\u010dnej podpore Mesta \u017dilina.\u00a0 Prv\u00e9 stretnutie bolo zrealizovan\u00e9 v Lesoparku Chras\u0165, kde sa 50 z\u00e1ujemcov z\u00fa\u010dastnilo komentovanej prech\u00e1dzky Objav \u010caro Lesoparku.<\/p>\n<p style=\"text-align: justify;\">Druh\u00e9 stretnutie zrealizuje vo \u0161tvrtok <strong>16. okt\u00f3bra o\u00a016:00<\/strong> v Krajskej kni\u017enici v\u00a0\u017diline. Bud\u00fa sa venova\u0165 z\u00e1kladom finan\u010dnej gramotnosti, predstavia re-use centrum ZAzdie\u013eaj a bud\u00fa u\u010di\u0165 ako spr\u00e1vne triedi\u0165 odpad, ktor\u00fd v dom\u00e1cnosti tvor\u00edme. Pozvanie prijala lektorka finan\u010dnej gramotnosti, ktor\u00e1 sa s\u00a0vami podel\u00ed o cenn\u00e9 rady, ako spr\u00e1vne nar\u00e1ba\u0165 s financiami.<\/p>\n<p style=\"text-align: justify;\">Pr\u00edde aj zakladate\u013eka \u017eilinsk\u00e9ho re-use centra, ktor\u00e1 v\u00e1m predstav\u00ed miesto, kam m\u00f4\u017eeme darova\u0165 funk\u010dn\u00e9 a nepotrebn\u00e9 veci z dom\u00e1cnosti a zachr\u00e1ni\u0165 ich tak pred vyhoden\u00edm.<\/p>\n<p style=\"text-align: justify;\">Lektorka enviroment\u00e1lnej v\u00fdchovy v\u00e1m uk\u00e1\u017ee, \u017ee spr\u00e1vne triedenie vzniknut\u00e9ho odpadu v dom\u00e1cnosti je jednoduch\u0161ie, ako ste si predstavovali. Vstup je vo\u013en\u00fd.<\/p>\n<p style=\"text-align: justify;\"><a href=\"https:\/\/www.krajskakniznicazilina.sk\/clanky\/2025\/10\/ZAstav%20sa%20Kniznica%20(1).jpg\"><img decoding=\"async\" class=\"size-medium alignright\" src=\"https:\/\/www.krajskakniznicazilina.sk\/clanky\/2025\/10\/ZAstav%20sa%20Kniznica%20(1).jpg\" alt=\"plag\u00e1t\" width=\"30%\" height=\"30%\" \/><\/a>V kni\u017enici sa bud\u00fa dia\u0165 aj viacer\u00e9 in\u0161pirat\u00edvne stretnutia ZAstav sa:<\/p>\n<p style=\"text-align: justify;\"><strong>16. okt\u00f3bra o 16:00 &#8211; ZAstav sa a MYSLI<\/strong><\/p>\n<ul style=\"text-align: justify;\">\n<li>stretnutie s lektorkami enviroment\u00e1lnych aktiv\u00edt a finan\u010dnej gramotnosti<\/li>\n<\/ul>\n<p style=\"text-align: justify;\"><strong>20. okt\u00f3bra o 16:00 &#8211; ZAstav sa a TVOR<\/strong><\/p>\n<ul style=\"text-align: justify;\">\n<li>stretnutie s lektorom tvoriv\u00fdch aktiv\u00edt &#8211; pletenie z paracordu<\/li>\n<\/ul>\n<p style=\"text-align: justify;\"><strong>24. okt\u00f3bra o 16:00 &#8211; ZAstav sa a SPOZN\u00c1VAJ<\/strong><\/p>\n<ul style=\"text-align: justify;\">\n<li>stretnutie s lektorkou montessori aktiv\u00edt<\/li>\n<\/ul>\n<p style=\"text-align: justify;\"><strong>29. okt\u00f3bra o 16:00 &#8211; ZA stav sa a VN\u00cdMAJ<\/strong><\/p>\n<ul style=\"text-align: justify;\">\n<li>stretnutie so psychologi\u010dkou<\/li>\n<\/ul>\n<p style=\"text-align: justify;\"><strong>5. novembra o 16:00 &#8211; ZA stav sa a POZNAJ<\/strong><\/p>\n<ul style=\"text-align: justify;\">\n<li>stretnutie so soci\u00e1lnou pracovn\u00ed\u010dkou a rodinnou terapeutkou<\/li>\n<\/ul>\n<p style=\"text-align: justify;\">V\u0161etky stretnutia s\u00fa bez potreby registr\u00e1cie, vstup vo\u013en\u00fd. Viac inform\u00e1ci\u00ed: 0949144 856, <a href=\"mailto:za.lesopark@gmail.com\">za.lesopark@gmail.com<\/a><\/p>\n","protected":false},"excerpt":{"rendered":"<p>Matersk\u00e9 centrum Nez\u00e1budka poz\u00fdva na druh\u00e9 stretnutie zo s\u00e9rie in\u0161pirat\u00edvnych stretnut\u00ed v r\u00e1mci projektu ZAstav sa, ktor\u00fd vznikol v\u010faka finan\u010dnej podpore Mesta \u017dilina.\u00a0 Prv\u00e9 stretnutie bolo zrealizovan\u00e9 v Lesoparku Chras\u0165, kde sa 50 z\u00e1ujemcov z\u00fa\u010dastnilo komentovanej prech\u00e1dzky Objav \u010caro Lesoparku. Druh\u00e9 stretnutie zrealizuje vo \u0161tvrtok 16. okt\u00f3bra o\u00a016:00 v Krajskej kni\u017enici v\u00a0\u017diline. Bud\u00fa sa venova\u0165 &#8230; <a title=\"ZAstav sa a MYSLI\" class=\"read-more\" href=\"https:\/\/www.krajskakniznicazilina.sk\/index.php\/2025\/10\/15\/zastav-sa-a-mysli\/\" aria-label=\"Pre\u010d\u00edtajte si viac o ZAstav sa a MYSLI\">\u010c\u00edta\u0165 viac<\/a><\/p>\n","protected":false},"author":1,"featured_media":0,"comment_status":"open","ping_status":"open","sticky":false,"template":"","format":"image","meta":{"footnotes":""},"categories":[12],"tags":[],"class_list":["post-16059","post","type-post","status-publish","format-image","hentry","category-podujatie","post_format-post-format-image"],"_links":{"self":[{"href":"https:\/\/www.krajskakniznicazilina.sk\/index.php\/wp-json\/wp\/v2\/posts\/16059","targetHints":{"allow":["GET"]}}],"collection":[{"href":"https:\/\/www.krajskakniznicazilina.sk\/index.php\/wp-json\/wp\/v2\/posts"}],"about":[{"href":"https:\/\/www.krajskakniznicazilina.sk\/index.php\/wp-json\/wp\/v2\/types\/post"}],"author":[{"embeddable":true,"href":"https:\/\/www.krajskakniznicazilina.sk\/index.php\/wp-json\/wp\/v2\/users\/1"}],"replies":[{"embeddable":true,"href":"https:\/\/www.krajskakniznicazilina.sk\/index.php\/wp-json\/wp\/v2\/comments?post=16059"}],"version-history":[{"count":5,"href":"https:\/\/www.krajskakniznicazilina.sk\/index.php\/wp-json\/wp\/v2\/posts\/16059\/revisions"}],"predecessor-version":[{"id":16070,"href":"https:\/\/www.krajskakniznicazilina.sk\/index.php\/wp-json\/wp\/v2\/posts\/16059\/revisions\/16070"}],"wp:attachment":[{"href":"https:\/\/www.krajskakniznicazilina.sk\/index.php\/wp-json\/wp\/v2\/media?parent=16059"}],"wp:term":[{"taxonomy":"category","embeddable":true,"href":"https:\/\/www.krajskakniznicazilina.sk\/index.php\/wp-json\/wp\/v2\/categories?post=16059"},{"taxonomy":"post_tag","embeddable":true,"href":"https:\/\/www.krajskakniznicazilina.sk\/index.php\/wp-json\/wp\/v2\/tags?post=16059"}],"curies":[{"name":"wp","href":"https:\/\/api.w.org\/{rel}","templated":true}]}}