{"id":16081,"date":"2025-10-29T07:03:16","date_gmt":"2025-10-29T06:03:16","guid":{"rendered":"https:\/\/www.krajskakniznicazilina.sk\/?p=16081"},"modified":"2025-10-20T12:17:14","modified_gmt":"2025-10-20T10:17:14","slug":"pod-modrym-majakom-zachranara","status":"publish","type":"post","link":"https:\/\/www.krajskakniznicazilina.sk\/index.php\/2025\/10\/29\/pod-modrym-majakom-zachranara\/","title":{"rendered":"Pod modr\u00fdm maj\u00e1kom z\u00e1chran\u00e1ra"},"content":{"rendered":"<p style=\"text-align: justify;\"><a href=\"https:\/\/www.krajskakniznicazilina.sk\/clanky\/2025\/11\/pod%20modr%C3%BDm%20maj%C3%A1kom.jpg\"><img decoding=\"async\" class=\"alignright size-medium\" src=\"https:\/\/www.krajskakniznicazilina.sk\/clanky\/2025\/11\/pod%20modr%C3%BDm%20maj%C3%A1kom.jpg\" alt=\"plag\u00e1t\" width=\"40%\" height=\"40%\" \/><\/a>Poz\u00fdvame v\u00e1s na in\u0161pirat\u00edvny liter\u00e1rno-hudobn\u00fd podve\u010der s autorom a z\u00e1chran\u00e1rom Jankom Ra\u010dkom, ktor\u00fd sa uskuto\u010dn\u00ed v stredu <strong>19. novembra o 16:00<\/strong> v Krajskej kni\u017enici v \u017diline.<\/p>\n<p style=\"text-align: justify;\">Janko Ra\u010dko je slovensk\u00fd spisovate\u013e a z\u00e1chran\u00e1r, \u010dlen Spi\u0161sk\u00e9ho liter\u00e1rneho klubu. Je zn\u00e1my svojimi liter\u00e1rnymi dielami, ktor\u00e9 s\u00fa \u010dasto in\u0161pirovan\u00e9 jeho sk\u00fasenos\u0165ami z urgentnej zdravotnej slu\u017eby. Pod modr\u00fdm maj\u00e1kom (2022) je kniha pr\u00edbehov, ktor\u00e9 poskytuj\u00fa poh\u013ead na ka\u017edodenn\u00fd \u017eivot a r\u00f4zne osudy \u013eud\u00ed, ktor\u00fdm urgentn\u00e1 zdravotn\u00e1 slu\u017eba pom\u00e1ha, kniha Pod modr\u00fdm maj\u00e1kom 2 (2024) je pokra\u010dovanie pr\u00edbehov, ktor\u00e9 hovoria o pr\u00e1ci \u013eud\u00ed r\u00fdchlej zdravotnej pomoci a Iaracco (Ver\u0161e zo z\u00e1livu, 2025) je zbierka osobnej lyrickej po\u00e9zie in\u0161pirovan\u00e1 misiou v arabskom svete.<\/p>\n","protected":false},"excerpt":{"rendered":"<p>Poz\u00fdvame v\u00e1s na in\u0161pirat\u00edvny liter\u00e1rno-hudobn\u00fd podve\u010der s autorom a z\u00e1chran\u00e1rom Jankom Ra\u010dkom, ktor\u00fd sa uskuto\u010dn\u00ed v stredu 19. novembra o 16:00 v Krajskej kni\u017enici v \u017diline. Janko Ra\u010dko je slovensk\u00fd spisovate\u013e a z\u00e1chran\u00e1r, \u010dlen Spi\u0161sk\u00e9ho liter\u00e1rneho klubu. Je zn\u00e1my svojimi liter\u00e1rnymi dielami, ktor\u00e9 s\u00fa \u010dasto in\u0161pirovan\u00e9 jeho sk\u00fasenos\u0165ami z urgentnej zdravotnej slu\u017eby. Pod modr\u00fdm maj\u00e1kom &#8230; <a title=\"Pod modr\u00fdm maj\u00e1kom z\u00e1chran\u00e1ra\" class=\"read-more\" href=\"https:\/\/www.krajskakniznicazilina.sk\/index.php\/2025\/10\/29\/pod-modrym-majakom-zachranara\/\" aria-label=\"Pre\u010d\u00edtajte si viac o Pod modr\u00fdm maj\u00e1kom z\u00e1chran\u00e1ra\">\u010c\u00edta\u0165 viac<\/a><\/p>\n","protected":false},"author":1,"featured_media":0,"comment_status":"open","ping_status":"open","sticky":false,"template":"","format":"image","meta":{"footnotes":""},"categories":[24,12],"tags":[],"class_list":["post-16081","post","type-post","status-publish","format-image","hentry","category-beseda","category-podujatie","post_format-post-format-image"],"_links":{"self":[{"href":"https:\/\/www.krajskakniznicazilina.sk\/index.php\/wp-json\/wp\/v2\/posts\/16081","targetHints":{"allow":["GET"]}}],"collection":[{"href":"https:\/\/www.krajskakniznicazilina.sk\/index.php\/wp-json\/wp\/v2\/posts"}],"about":[{"href":"https:\/\/www.krajskakniznicazilina.sk\/index.php\/wp-json\/wp\/v2\/types\/post"}],"author":[{"embeddable":true,"href":"https:\/\/www.krajskakniznicazilina.sk\/index.php\/wp-json\/wp\/v2\/users\/1"}],"replies":[{"embeddable":true,"href":"https:\/\/www.krajskakniznicazilina.sk\/index.php\/wp-json\/wp\/v2\/comments?post=16081"}],"version-history":[{"count":3,"href":"https:\/\/www.krajskakniznicazilina.sk\/index.php\/wp-json\/wp\/v2\/posts\/16081\/revisions"}],"predecessor-version":[{"id":16084,"href":"https:\/\/www.krajskakniznicazilina.sk\/index.php\/wp-json\/wp\/v2\/posts\/16081\/revisions\/16084"}],"wp:attachment":[{"href":"https:\/\/www.krajskakniznicazilina.sk\/index.php\/wp-json\/wp\/v2\/media?parent=16081"}],"wp:term":[{"taxonomy":"category","embeddable":true,"href":"https:\/\/www.krajskakniznicazilina.sk\/index.php\/wp-json\/wp\/v2\/categories?post=16081"},{"taxonomy":"post_tag","embeddable":true,"href":"https:\/\/www.krajskakniznicazilina.sk\/index.php\/wp-json\/wp\/v2\/tags?post=16081"}],"curies":[{"name":"wp","href":"https:\/\/api.w.org\/{rel}","templated":true}]}}